{"id":1386,"date":"2024-04-24T15:19:04","date_gmt":"2024-04-24T13:19:04","guid":{"rendered":"https:\/\/sadclsjo.com\/lancement-de-la-deuxieme-phase-du-projet-economie-circulaire-saguenay-lac-saint-jean\/"},"modified":"2025-02-26T16:17:44","modified_gmt":"2025-02-26T15:17:44","slug":"launch-of-the-second-phase-of-the-saguenay-lac-saint-jean-circular-economy-project","status":"publish","type":"post","link":"https:\/\/sadclsjo.com\/en\/launch-of-the-second-phase-of-the-saguenay-lac-saint-jean-circular-economy-project\/","title":{"rendered":"Launch of the second phase of the Saguenay-Lac-Saint-Jean circular economy project"},"content":{"rendered":"\n<figure class=\"wp-block-image size-full\"><img loading=\"lazy\" decoding=\"async\" width=\"840\" height=\"580\" src=\"https:\/\/sadclsjo.com\/wp-content\/uploads\/2024\/04\/img_7499.jpeg\" alt=\"\" class=\"wp-image-750\" srcset=\"https:\/\/sadclsjo.com\/wp-content\/uploads\/2024\/04\/img_7499.jpeg 840w, https:\/\/sadclsjo.com\/wp-content\/uploads\/2024\/04\/img_7499-300x207.jpeg 300w, https:\/\/sadclsjo.com\/wp-content\/uploads\/2024\/04\/img_7499-768x530.jpeg 768w\" sizes=\"auto, (max-width: 840px) 100vw, 840px\" \/><figcaption class=\"wp-element-caption\">Photo : courtoisie<\/figcaption><\/figure>\n\n\n\n<p><strong>ALMA &#8211; The second phase of the Saguenay-Lac-Saint-Jean Circular Economy project is underway. The Centre qu\u00e9b\u00e9cois de d\u00e9veloppement durable (CQDD) and its partners, the SADC du Haut-Saguenay, Alliage 02 and Groupe Coderr, held a press conference this morning to mark the occasion. This second phase is made possible thanks to the financial support of Rio Tinto..<\/strong><\/p>\n\n\n\n<p>\u201cWith this second phase, our ambition is to multiply collaborations between businesses and organizations in the Saguenay-Lac-Saint-Jean region to reduce waste and extend the life of products. To achieve this, we&#8217;re going to capitalize on the 1,000 or so offers and requests that have been collected over the past 30 months from 247 companies, so that one company&#8217;s waste becomes another&#8217;s raw material. In short, we&#8217;re going to create business opportunities in the circular economy that will reduce losses, supply costs and disposal costs, while having a positive impact on the environment,\u201d points out Nicolas Gagnon, CQDD General Manager.<\/p>\n\n\n\n<p>The aim of this vast operation is to continue the work undertaken to set up a regional industrial symbiosis, i.e. a network of organizations linked by exchanges of materials, water, energy or material and human resources. Over the past 30 months, the project&#8217;s instigators have supported more than 240 organizations in the Saguenay-Lac-Saint-Jean region. The project has reduced GHG emissions by 1,500 tonnes and diverted nearly 279 tonnes of materials from landfill.<\/p>\n\n\n\n<p>\u201cThanks to this collaboration with our partners, innovation continues in a collaborative spirit to have a positive impact in our region and for our planet. The circular economy represents the future at Coderr, where waste reduction, resource reuse and environmental preservation are at the heart of our actions\u201d, says Dave Gosselin, Assistant General Manager at Groupe Coderr.<\/p>\n\n\n\n<p>One of the targets of this new phase is to document the needs and offers of over 135 organizations, with a view to creating over 30 synergies and collaborations between them. To achieve this, the region&#8217;s companies will be able to take part in networking workshops, which will help to clarify needs and offers.<\/p>\n\n\n\n<p>\u201cBecause investing is only one of the levers of success, we believe that collaboration in such a project is essential. That&#8217;s why we believe it&#8217;s important to participate in creating this strong, solid ecosystem,\u201d says Andr\u00e9 Boily, General Manager of SADC du Haut-Saguenay for the region&#8217;s five SADCs.<\/p>\n\n\n\n<p>\u201cFor Alliage 02, the circular economy is like cement between bricks; it&#8217;s the link between development and the environment needed to ensure the prosperity of our businesses. This awareness is becoming increasingly integrated into business practices. Synergies have a positive and palpable influence on the ecosystem of our industrial parks, notably by becoming increasingly attractive living environments,\u201d adds Nathalie Simard, General Manager of Alliage 02.<\/p>\n\n\n\n<figure class=\"wp-block-table is-style-stripes\"><table><tbody><tr><td><strong>Source :<\/strong> <a href=\"https:\/\/informeaffaires.com\/regional\/economie-sociale\/lancement-de-la-deuxieme-phase-du-projet-economie-circulaire-saguenay-lac\">Informe Affaires<\/a><\/td><td><\/td><\/tr><tr><td><strong>By : <\/strong>Fr\u00e9d\u00e9rica\u00a0Fortin-Foster<\/td><td><\/td><\/tr><\/tbody><\/table><\/figure>\n","protected":false},"excerpt":{"rendered":"<p>ALMA &#8211; The second phase of the Saguenay-Lac-Saint-Jean Circular Economy project is underway. The Centre qu\u00e9b\u00e9cois de d\u00e9veloppement durable (CQDD) and its partners, the SADC du Haut-Saguenay, Alliage 02 and Groupe Coderr, held a press conference this morning to mark the occasion. This second phase is made possible thanks to the financial support of Rio [&hellip;]<\/p>\n","protected":false},"author":2,"featured_media":1250,"comment_status":"closed","ping_status":"closed","sticky":false,"template":"","format":"standard","meta":{"_acf_changed":false,"footnotes":""},"categories":[1],"tags":[],"class_list":["post-1386","post","type-post","status-publish","format-standard","has-post-thumbnail","hentry","category-non-categorise"],"acf":[],"yoast_head":"<!-- This site is optimized with the Yoast SEO plugin v24.5 - https:\/\/yoast.com\/wordpress\/plugins\/seo\/ -->\n<title>Launch of the second phase of the Saguenay-Lac-Saint-Jean circular economy project - SADC Lac-Saint-Jean Ouest<\/title>\n<meta name=\"robots\" content=\"index, follow, max-snippet:-1, max-image-preview:large, max-video-preview:-1\" \/>\n<link rel=\"canonical\" href=\"https:\/\/sadclsjo.com\/en\/launch-of-the-second-phase-of-the-saguenay-lac-saint-jean-circular-economy-project\/\" \/>\n<meta property=\"og:locale\" content=\"en_US\" \/>\n<meta property=\"og:type\" content=\"article\" \/>\n<meta property=\"og:title\" content=\"Launch of the second phase of the Saguenay-Lac-Saint-Jean circular economy project - SADC Lac-Saint-Jean Ouest\" \/>\n<meta property=\"og:description\" content=\"ALMA &#8211; The second phase of the Saguenay-Lac-Saint-Jean Circular Economy project is underway. The Centre qu\u00e9b\u00e9cois de d\u00e9veloppement durable (CQDD) and its partners, the SADC du Haut-Saguenay, Alliage 02 and Groupe Coderr, held a press conference this morning to mark the occasion. This second phase is made possible thanks to the financial support of Rio [&hellip;]\" \/>\n<meta property=\"og:url\" content=\"https:\/\/sadclsjo.com\/en\/launch-of-the-second-phase-of-the-saguenay-lac-saint-jean-circular-economy-project\/\" \/>\n<meta property=\"og:site_name\" content=\"SADC Lac-Saint-Jean Ouest\" \/>\n<meta property=\"article:publisher\" content=\"https:\/\/www.facebook.com\/sadclsjo\/?fref=ts\" \/>\n<meta property=\"article:published_time\" content=\"2024-04-24T13:19:04+00:00\" \/>\n<meta property=\"article:modified_time\" content=\"2025-02-26T15:17:44+00:00\" \/>\n<meta property=\"og:image\" content=\"https:\/\/sadclsjo.com\/wp-content\/uploads\/2024\/04\/img_7499.jpeg\" \/>\n\t<meta property=\"og:image:width\" content=\"840\" \/>\n\t<meta property=\"og:image:height\" content=\"580\" \/>\n\t<meta property=\"og:image:type\" content=\"image\/jpeg\" \/>\n<meta name=\"author\" content=\"admin\" \/>\n<meta name=\"twitter:card\" content=\"summary_large_image\" \/>\n<meta name=\"twitter:label1\" content=\"Written by\" \/>\n\t<meta name=\"twitter:data1\" content=\"admin\" \/>\n\t<meta name=\"twitter:label2\" content=\"Est. reading time\" \/>\n\t<meta name=\"twitter:data2\" content=\"3 minutes\" \/>\n<script type=\"application\/ld+json\" class=\"yoast-schema-graph\">{\"@context\":\"https:\/\/schema.org\",\"@graph\":[{\"@type\":\"Article\",\"@id\":\"https:\/\/sadclsjo.com\/en\/launch-of-the-second-phase-of-the-saguenay-lac-saint-jean-circular-economy-project\/#article\",\"isPartOf\":{\"@id\":\"https:\/\/sadclsjo.com\/en\/launch-of-the-second-phase-of-the-saguenay-lac-saint-jean-circular-economy-project\/\"},\"author\":{\"name\":\"admin\",\"@id\":\"https:\/\/sadclsjo.com\/en\/#\/schema\/person\/39a4192b4112fea0577b15d7eef7946f\"},\"headline\":\"Launch of the second phase of the Saguenay-Lac-Saint-Jean circular economy project\",\"datePublished\":\"2024-04-24T13:19:04+00:00\",\"dateModified\":\"2025-02-26T15:17:44+00:00\",\"mainEntityOfPage\":{\"@id\":\"https:\/\/sadclsjo.com\/en\/launch-of-the-second-phase-of-the-saguenay-lac-saint-jean-circular-economy-project\/\"},\"wordCount\":464,\"publisher\":{\"@id\":\"https:\/\/sadclsjo.com\/en\/#organization\"},\"image\":{\"@id\":\"https:\/\/sadclsjo.com\/en\/launch-of-the-second-phase-of-the-saguenay-lac-saint-jean-circular-economy-project\/#primaryimage\"},\"thumbnailUrl\":\"https:\/\/sadclsjo.com\/wp-content\/uploads\/2024\/04\/img_7499.jpeg\",\"articleSection\":[\"Non cat\u00e9goris\u00e9\"],\"inLanguage\":\"en-US\"},{\"@type\":\"WebPage\",\"@id\":\"https:\/\/sadclsjo.com\/en\/launch-of-the-second-phase-of-the-saguenay-lac-saint-jean-circular-economy-project\/\",\"url\":\"https:\/\/sadclsjo.com\/en\/launch-of-the-second-phase-of-the-saguenay-lac-saint-jean-circular-economy-project\/\",\"name\":\"Launch of the second phase of the Saguenay-Lac-Saint-Jean circular economy project - SADC Lac-Saint-Jean Ouest\",\"isPartOf\":{\"@id\":\"https:\/\/sadclsjo.com\/en\/#website\"},\"primaryImageOfPage\":{\"@id\":\"https:\/\/sadclsjo.com\/en\/launch-of-the-second-phase-of-the-saguenay-lac-saint-jean-circular-economy-project\/#primaryimage\"},\"image\":{\"@id\":\"https:\/\/sadclsjo.com\/en\/launch-of-the-second-phase-of-the-saguenay-lac-saint-jean-circular-economy-project\/#primaryimage\"},\"thumbnailUrl\":\"https:\/\/sadclsjo.com\/wp-content\/uploads\/2024\/04\/img_7499.jpeg\",\"datePublished\":\"2024-04-24T13:19:04+00:00\",\"dateModified\":\"2025-02-26T15:17:44+00:00\",\"breadcrumb\":{\"@id\":\"https:\/\/sadclsjo.com\/en\/launch-of-the-second-phase-of-the-saguenay-lac-saint-jean-circular-economy-project\/#breadcrumb\"},\"inLanguage\":\"en-US\",\"potentialAction\":[{\"@type\":\"ReadAction\",\"target\":[\"https:\/\/sadclsjo.com\/en\/launch-of-the-second-phase-of-the-saguenay-lac-saint-jean-circular-economy-project\/\"]}]},{\"@type\":\"ImageObject\",\"inLanguage\":\"en-US\",\"@id\":\"https:\/\/sadclsjo.com\/en\/launch-of-the-second-phase-of-the-saguenay-lac-saint-jean-circular-economy-project\/#primaryimage\",\"url\":\"https:\/\/sadclsjo.com\/wp-content\/uploads\/2024\/04\/img_7499.jpeg\",\"contentUrl\":\"https:\/\/sadclsjo.com\/wp-content\/uploads\/2024\/04\/img_7499.jpeg\",\"width\":840,\"height\":580},{\"@type\":\"BreadcrumbList\",\"@id\":\"https:\/\/sadclsjo.com\/en\/launch-of-the-second-phase-of-the-saguenay-lac-saint-jean-circular-economy-project\/#breadcrumb\",\"itemListElement\":[{\"@type\":\"ListItem\",\"position\":1,\"name\":\"Accueil\",\"item\":\"https:\/\/sadclsjo.com\/en\/\"},{\"@type\":\"ListItem\",\"position\":2,\"name\":\"Launch of the second phase of the Saguenay-Lac-Saint-Jean circular economy project\"}]},{\"@type\":\"WebSite\",\"@id\":\"https:\/\/sadclsjo.com\/en\/#website\",\"url\":\"https:\/\/sadclsjo.com\/en\/\",\"name\":\"SADC Lac-St-Jean Ouest\",\"description\":\"La SADC Lac-Saint-Jean Ouest offre du financement accessible et un service-conseil personnalis\u00e9 aux entreprises de la MRC Domaine-du-Roy et de Mashteuiatsh. Elle soutient \u00e9galement les communaut\u00e9s du territoire dans la r\u00e9alisation de leurs projets de d\u00e9veloppement local.\",\"publisher\":{\"@id\":\"https:\/\/sadclsjo.com\/en\/#organization\"},\"potentialAction\":[{\"@type\":\"SearchAction\",\"target\":{\"@type\":\"EntryPoint\",\"urlTemplate\":\"https:\/\/sadclsjo.com\/en\/?s={search_term_string}\"},\"query-input\":{\"@type\":\"PropertyValueSpecification\",\"valueRequired\":true,\"valueName\":\"search_term_string\"}}],\"inLanguage\":\"en-US\"},{\"@type\":\"Organization\",\"@id\":\"https:\/\/sadclsjo.com\/en\/#organization\",\"name\":\"SADC Lac-St-Jean Ouest\",\"url\":\"https:\/\/sadclsjo.com\/en\/\",\"logo\":{\"@type\":\"ImageObject\",\"inLanguage\":\"en-US\",\"@id\":\"https:\/\/sadclsjo.com\/en\/#\/schema\/logo\/image\/\",\"url\":\"https:\/\/sadclsjo.com\/wp-content\/uploads\/2023\/12\/LogoSADCTexteDehor.png\",\"contentUrl\":\"https:\/\/sadclsjo.com\/wp-content\/uploads\/2023\/12\/LogoSADCTexteDehor.png\",\"width\":1002,\"height\":487,\"caption\":\"SADC Lac-St-Jean Ouest\"},\"image\":{\"@id\":\"https:\/\/sadclsjo.com\/en\/#\/schema\/logo\/image\/\"},\"sameAs\":[\"https:\/\/www.facebook.com\/sadclsjo\/?fref=ts\",\"https:\/\/www.linkedin.com\/company\/sadc-lac-st-jean-ouest-inc.?trk=top_nav_home\"]},{\"@type\":\"Person\",\"@id\":\"https:\/\/sadclsjo.com\/en\/#\/schema\/person\/39a4192b4112fea0577b15d7eef7946f\",\"name\":\"admin\",\"image\":{\"@type\":\"ImageObject\",\"inLanguage\":\"en-US\",\"@id\":\"https:\/\/sadclsjo.com\/en\/#\/schema\/person\/image\/\",\"url\":\"https:\/\/secure.gravatar.com\/avatar\/d599a4a1e29dd2f3506cae6703d8d792bf6898f79aa85a9d1da625bf0fb0b003?s=96&d=mm&r=g\",\"contentUrl\":\"https:\/\/secure.gravatar.com\/avatar\/d599a4a1e29dd2f3506cae6703d8d792bf6898f79aa85a9d1da625bf0fb0b003?s=96&d=mm&r=g\",\"caption\":\"admin\"},\"url\":\"https:\/\/sadclsjo.com\/en\/author\/admin\/\"}]}<\/script>\n<!-- \/ Yoast SEO plugin. -->","yoast_head_json":{"title":"Launch of the second phase of the Saguenay-Lac-Saint-Jean circular economy project - SADC Lac-Saint-Jean Ouest","robots":{"index":"index","follow":"follow","max-snippet":"max-snippet:-1","max-image-preview":"max-image-preview:large","max-video-preview":"max-video-preview:-1"},"canonical":"https:\/\/sadclsjo.com\/en\/launch-of-the-second-phase-of-the-saguenay-lac-saint-jean-circular-economy-project\/","og_locale":"en_US","og_type":"article","og_title":"Launch of the second phase of the Saguenay-Lac-Saint-Jean circular economy project - SADC Lac-Saint-Jean Ouest","og_description":"ALMA &#8211; The second phase of the Saguenay-Lac-Saint-Jean Circular Economy project is underway. The Centre qu\u00e9b\u00e9cois de d\u00e9veloppement durable (CQDD) and its partners, the SADC du Haut-Saguenay, Alliage 02 and Groupe Coderr, held a press conference this morning to mark the occasion. This second phase is made possible thanks to the financial support of Rio [&hellip;]","og_url":"https:\/\/sadclsjo.com\/en\/launch-of-the-second-phase-of-the-saguenay-lac-saint-jean-circular-economy-project\/","og_site_name":"SADC Lac-Saint-Jean Ouest","article_publisher":"https:\/\/www.facebook.com\/sadclsjo\/?fref=ts","article_published_time":"2024-04-24T13:19:04+00:00","article_modified_time":"2025-02-26T15:17:44+00:00","og_image":[{"width":840,"height":580,"url":"https:\/\/sadclsjo.com\/wp-content\/uploads\/2024\/04\/img_7499.jpeg","type":"image\/jpeg"}],"author":"admin","twitter_card":"summary_large_image","twitter_misc":{"Written by":"admin","Est. reading time":"3 minutes"},"schema":{"@context":"https:\/\/schema.org","@graph":[{"@type":"Article","@id":"https:\/\/sadclsjo.com\/en\/launch-of-the-second-phase-of-the-saguenay-lac-saint-jean-circular-economy-project\/#article","isPartOf":{"@id":"https:\/\/sadclsjo.com\/en\/launch-of-the-second-phase-of-the-saguenay-lac-saint-jean-circular-economy-project\/"},"author":{"name":"admin","@id":"https:\/\/sadclsjo.com\/en\/#\/schema\/person\/39a4192b4112fea0577b15d7eef7946f"},"headline":"Launch of the second phase of the Saguenay-Lac-Saint-Jean circular economy project","datePublished":"2024-04-24T13:19:04+00:00","dateModified":"2025-02-26T15:17:44+00:00","mainEntityOfPage":{"@id":"https:\/\/sadclsjo.com\/en\/launch-of-the-second-phase-of-the-saguenay-lac-saint-jean-circular-economy-project\/"},"wordCount":464,"publisher":{"@id":"https:\/\/sadclsjo.com\/en\/#organization"},"image":{"@id":"https:\/\/sadclsjo.com\/en\/launch-of-the-second-phase-of-the-saguenay-lac-saint-jean-circular-economy-project\/#primaryimage"},"thumbnailUrl":"https:\/\/sadclsjo.com\/wp-content\/uploads\/2024\/04\/img_7499.jpeg","articleSection":["Non cat\u00e9goris\u00e9"],"inLanguage":"en-US"},{"@type":"WebPage","@id":"https:\/\/sadclsjo.com\/en\/launch-of-the-second-phase-of-the-saguenay-lac-saint-jean-circular-economy-project\/","url":"https:\/\/sadclsjo.com\/en\/launch-of-the-second-phase-of-the-saguenay-lac-saint-jean-circular-economy-project\/","name":"Launch of the second phase of the Saguenay-Lac-Saint-Jean circular economy project - SADC Lac-Saint-Jean Ouest","isPartOf":{"@id":"https:\/\/sadclsjo.com\/en\/#website"},"primaryImageOfPage":{"@id":"https:\/\/sadclsjo.com\/en\/launch-of-the-second-phase-of-the-saguenay-lac-saint-jean-circular-economy-project\/#primaryimage"},"image":{"@id":"https:\/\/sadclsjo.com\/en\/launch-of-the-second-phase-of-the-saguenay-lac-saint-jean-circular-economy-project\/#primaryimage"},"thumbnailUrl":"https:\/\/sadclsjo.com\/wp-content\/uploads\/2024\/04\/img_7499.jpeg","datePublished":"2024-04-24T13:19:04+00:00","dateModified":"2025-02-26T15:17:44+00:00","breadcrumb":{"@id":"https:\/\/sadclsjo.com\/en\/launch-of-the-second-phase-of-the-saguenay-lac-saint-jean-circular-economy-project\/#breadcrumb"},"inLanguage":"en-US","potentialAction":[{"@type":"ReadAction","target":["https:\/\/sadclsjo.com\/en\/launch-of-the-second-phase-of-the-saguenay-lac-saint-jean-circular-economy-project\/"]}]},{"@type":"ImageObject","inLanguage":"en-US","@id":"https:\/\/sadclsjo.com\/en\/launch-of-the-second-phase-of-the-saguenay-lac-saint-jean-circular-economy-project\/#primaryimage","url":"https:\/\/sadclsjo.com\/wp-content\/uploads\/2024\/04\/img_7499.jpeg","contentUrl":"https:\/\/sadclsjo.com\/wp-content\/uploads\/2024\/04\/img_7499.jpeg","width":840,"height":580},{"@type":"BreadcrumbList","@id":"https:\/\/sadclsjo.com\/en\/launch-of-the-second-phase-of-the-saguenay-lac-saint-jean-circular-economy-project\/#breadcrumb","itemListElement":[{"@type":"ListItem","position":1,"name":"Accueil","item":"https:\/\/sadclsjo.com\/en\/"},{"@type":"ListItem","position":2,"name":"Launch of the second phase of the Saguenay-Lac-Saint-Jean circular economy project"}]},{"@type":"WebSite","@id":"https:\/\/sadclsjo.com\/en\/#website","url":"https:\/\/sadclsjo.com\/en\/","name":"SADC Lac-St-Jean Ouest","description":"La SADC Lac-Saint-Jean Ouest offre du financement accessible et un service-conseil personnalis\u00e9 aux entreprises de la MRC Domaine-du-Roy et de Mashteuiatsh. Elle soutient \u00e9galement les communaut\u00e9s du territoire dans la r\u00e9alisation de leurs projets de d\u00e9veloppement local.","publisher":{"@id":"https:\/\/sadclsjo.com\/en\/#organization"},"potentialAction":[{"@type":"SearchAction","target":{"@type":"EntryPoint","urlTemplate":"https:\/\/sadclsjo.com\/en\/?s={search_term_string}"},"query-input":{"@type":"PropertyValueSpecification","valueRequired":true,"valueName":"search_term_string"}}],"inLanguage":"en-US"},{"@type":"Organization","@id":"https:\/\/sadclsjo.com\/en\/#organization","name":"SADC Lac-St-Jean Ouest","url":"https:\/\/sadclsjo.com\/en\/","logo":{"@type":"ImageObject","inLanguage":"en-US","@id":"https:\/\/sadclsjo.com\/en\/#\/schema\/logo\/image\/","url":"https:\/\/sadclsjo.com\/wp-content\/uploads\/2023\/12\/LogoSADCTexteDehor.png","contentUrl":"https:\/\/sadclsjo.com\/wp-content\/uploads\/2023\/12\/LogoSADCTexteDehor.png","width":1002,"height":487,"caption":"SADC Lac-St-Jean Ouest"},"image":{"@id":"https:\/\/sadclsjo.com\/en\/#\/schema\/logo\/image\/"},"sameAs":["https:\/\/www.facebook.com\/sadclsjo\/?fref=ts","https:\/\/www.linkedin.com\/company\/sadc-lac-st-jean-ouest-inc.?trk=top_nav_home"]},{"@type":"Person","@id":"https:\/\/sadclsjo.com\/en\/#\/schema\/person\/39a4192b4112fea0577b15d7eef7946f","name":"admin","image":{"@type":"ImageObject","inLanguage":"en-US","@id":"https:\/\/sadclsjo.com\/en\/#\/schema\/person\/image\/","url":"https:\/\/secure.gravatar.com\/avatar\/d599a4a1e29dd2f3506cae6703d8d792bf6898f79aa85a9d1da625bf0fb0b003?s=96&d=mm&r=g","contentUrl":"https:\/\/secure.gravatar.com\/avatar\/d599a4a1e29dd2f3506cae6703d8d792bf6898f79aa85a9d1da625bf0fb0b003?s=96&d=mm&r=g","caption":"admin"},"url":"https:\/\/sadclsjo.com\/en\/author\/admin\/"}]}},"_links":{"self":[{"href":"https:\/\/sadclsjo.com\/en\/wp-json\/wp\/v2\/posts\/1386","targetHints":{"allow":["GET"]}}],"collection":[{"href":"https:\/\/sadclsjo.com\/en\/wp-json\/wp\/v2\/posts"}],"about":[{"href":"https:\/\/sadclsjo.com\/en\/wp-json\/wp\/v2\/types\/post"}],"author":[{"embeddable":true,"href":"https:\/\/sadclsjo.com\/en\/wp-json\/wp\/v2\/users\/2"}],"replies":[{"embeddable":true,"href":"https:\/\/sadclsjo.com\/en\/wp-json\/wp\/v2\/comments?post=1386"}],"version-history":[{"count":2,"href":"https:\/\/sadclsjo.com\/en\/wp-json\/wp\/v2\/posts\/1386\/revisions"}],"predecessor-version":[{"id":1389,"href":"https:\/\/sadclsjo.com\/en\/wp-json\/wp\/v2\/posts\/1386\/revisions\/1389"}],"wp:featuredmedia":[{"embeddable":true,"href":"https:\/\/sadclsjo.com\/en\/wp-json\/wp\/v2\/media\/1250"}],"wp:attachment":[{"href":"https:\/\/sadclsjo.com\/en\/wp-json\/wp\/v2\/media?parent=1386"}],"wp:term":[{"taxonomy":"category","embeddable":true,"href":"https:\/\/sadclsjo.com\/en\/wp-json\/wp\/v2\/categories?post=1386"},{"taxonomy":"post_tag","embeddable":true,"href":"https:\/\/sadclsjo.com\/en\/wp-json\/wp\/v2\/tags?post=1386"}],"curies":[{"name":"wp","href":"https:\/\/api.w.org\/{rel}","templated":true}]}}