{"id":1384,"date":"2024-04-23T17:34:02","date_gmt":"2024-04-23T15:34:02","guid":{"rendered":"https:\/\/sadclsjo.com\/un-colloque-pour-le-developpement-durable-a-saint-felicien\/"},"modified":"2025-02-26T15:32:53","modified_gmt":"2025-02-26T14:32:53","slug":"150-people-attend-from-idea-to-action-sustainable-development-symposium","status":"publish","type":"post","link":"https:\/\/sadclsjo.com\/en\/150-people-attend-from-idea-to-action-sustainable-development-symposium\/","title":{"rendered":"150 people attend \u201cFrom idea to action\u201d sustainable development symposium"},"content":{"rendered":"\n<figure class=\"wp-block-gallery has-nested-images columns-default is-cropped wp-block-gallery-1 is-layout-flex wp-block-gallery-is-layout-flex\">\n<figure class=\"wp-block-image size-large\"><img loading=\"lazy\" decoding=\"async\" width=\"1024\" height=\"768\" data-id=\"742\" src=\"https:\/\/sadclsjo.com\/wp-content\/uploads\/2024\/04\/150-personnes-assistent-au-colloque-de-lidee-a-laction-133437522090345419-1024x768.jpg\" alt=\"\" class=\"wp-image-742\" srcset=\"https:\/\/sadclsjo.com\/wp-content\/uploads\/2024\/04\/150-personnes-assistent-au-colloque-de-lidee-a-laction-133437522090345419-1024x768.jpg 1024w, https:\/\/sadclsjo.com\/wp-content\/uploads\/2024\/04\/150-personnes-assistent-au-colloque-de-lidee-a-laction-133437522090345419-300x225.jpg 300w, https:\/\/sadclsjo.com\/wp-content\/uploads\/2024\/04\/150-personnes-assistent-au-colloque-de-lidee-a-laction-133437522090345419-768x576.jpg 768w, https:\/\/sadclsjo.com\/wp-content\/uploads\/2024\/04\/150-personnes-assistent-au-colloque-de-lidee-a-laction-133437522090345419.jpg 1200w\" sizes=\"auto, (max-width: 1024px) 100vw, 1024px\" \/><figcaption class=\"wp-element-caption\">Photo : Jean Tremblay<\/figcaption><\/figure>\n<\/figure>\n\n\n\n<p><strong>Mission accomplished for the first sustainable development symposium organized by four local economic development organizations. The event, which took place on Wednesday November 1 at the H\u00f4tel du Jardin in Saint-F\u00e9licien, attracted 150 people.<\/strong><\/p>\n\n\n\n<p>The idea for this symposium came from a discussion held about a year ago. At that time, the organizers realized that each organization was proposing small activities.<\/p>\n\n\n\n<p>\u201cWe said to ourselves, &#8216;Why don&#8217;t we get together and take things a step further? We have to admit that, with 150 participants, our proposal was well received. It exceeded our expectations, as we had set ourselves a target of 80 people. We&#8217;re really pleased with the response,\u201d explains Marc Tremblay, DG at SADC Lac-Saint-Jean Ouest.<\/p>\n\n\n\n<p>The aim of the symposium was to give companies ideas for taking action. The aim was to support them in taking concrete steps towards sustainable development.<\/p>\n\n\n\n<p>\u201cThe morning was lighter in terms of content, with exchanges between participants. In the afternoon, however, we went further into our topics.\u201d<\/p>\n\n\n\n<p>Speakers and workshops on a variety of themes ensured that participants returned home with a wealth of additional knowledge.<\/p>\n\n\n\n<p><strong>A second edition<\/strong><\/p>\n\n\n\n<p>In view of the success of this first edition, Marc Tremblay believes it is highly likely that there will be a second edition next year.<\/p>\n\n\n\n<p>\u201cWe don&#8217;t know yet, at least for the moment, what the content of the next symposium will be. This type of activity fills a need for companies looking for support in dealing with all the regulations they have to deal with\u201d.<\/p>\n\n\n\n<p>For the organizers, SADC Lac-Saint-Jean Ouest, SADC Maria-Chapdelaine and the Domaine-du-Roy and Maria-Chapdelaine MRCs, it was important to hold this kind of exercise in Saint-F\u00e9licien rather than in Alma or Saguenay, as is often the case.<\/p>\n\n\n\n<figure class=\"wp-block-table is-style-stripes has-medium-font-size\"><table><tbody><tr><td><strong>Source : <\/strong><a href=\"https:\/\/www.nouvelleshebdo.com\/actualites\/597041\/150-personnes-assistent-au-colloque-de-lidee-a-laction\">Le Nouvelles Hebdo<\/a><\/td><td><\/td><\/tr><tr><td><strong>By :<\/strong> Jean Tremblay<\/td><td><\/td><\/tr><\/tbody><\/table><\/figure>\n","protected":false},"excerpt":{"rendered":"<p>Mission accomplished for the first sustainable development symposium organized by four local economic development organizations. The event, which took place on Wednesday November 1 at the H\u00f4tel du Jardin in Saint-F\u00e9licien, attracted 150 people. The idea for this symposium came from a discussion held about a year ago. At that time, the organizers realized that [&hellip;]<\/p>\n","protected":false},"author":2,"featured_media":1249,"comment_status":"closed","ping_status":"closed","sticky":false,"template":"","format":"standard","meta":{"_acf_changed":false,"footnotes":""},"categories":[1],"tags":[],"class_list":["post-1384","post","type-post","status-publish","format-standard","has-post-thumbnail","hentry","category-non-categorise"],"acf":[],"yoast_head":"<!-- This site is optimized with the Yoast SEO plugin v24.5 - https:\/\/yoast.com\/wordpress\/plugins\/seo\/ -->\n<title>150 people attend \u201cFrom idea to action\u201d sustainable development symposium - SADC Lac-Saint-Jean Ouest<\/title>\n<meta name=\"robots\" content=\"index, follow, max-snippet:-1, max-image-preview:large, max-video-preview:-1\" \/>\n<link rel=\"canonical\" href=\"https:\/\/sadclsjo.com\/en\/150-people-attend-from-idea-to-action-sustainable-development-symposium\/\" \/>\n<meta property=\"og:locale\" content=\"en_US\" \/>\n<meta property=\"og:type\" content=\"article\" \/>\n<meta property=\"og:title\" content=\"150 people attend \u201cFrom idea to action\u201d sustainable development symposium - SADC Lac-Saint-Jean Ouest\" \/>\n<meta property=\"og:description\" content=\"Mission accomplished for the first sustainable development symposium organized by four local economic development organizations. The event, which took place on Wednesday November 1 at the H\u00f4tel du Jardin in Saint-F\u00e9licien, attracted 150 people. The idea for this symposium came from a discussion held about a year ago. At that time, the organizers realized that [&hellip;]\" \/>\n<meta property=\"og:url\" content=\"https:\/\/sadclsjo.com\/en\/150-people-attend-from-idea-to-action-sustainable-development-symposium\/\" \/>\n<meta property=\"og:site_name\" content=\"SADC Lac-Saint-Jean Ouest\" \/>\n<meta property=\"article:publisher\" content=\"https:\/\/www.facebook.com\/sadclsjo\/?fref=ts\" \/>\n<meta property=\"article:published_time\" content=\"2024-04-23T15:34:02+00:00\" \/>\n<meta property=\"article:modified_time\" content=\"2025-02-26T14:32:53+00:00\" \/>\n<meta property=\"og:image\" content=\"https:\/\/sadclsjo.com\/wp-content\/uploads\/2024\/04\/150-personnes-assistent-au-colloque-de-lidee-a-laction-133437522090345419.jpg\" \/>\n\t<meta property=\"og:image:width\" content=\"1200\" \/>\n\t<meta property=\"og:image:height\" content=\"900\" \/>\n\t<meta property=\"og:image:type\" content=\"image\/jpeg\" \/>\n<meta name=\"author\" content=\"admin\" \/>\n<meta name=\"twitter:card\" content=\"summary_large_image\" \/>\n<meta name=\"twitter:label1\" content=\"Written by\" \/>\n\t<meta name=\"twitter:data1\" content=\"admin\" \/>\n\t<meta name=\"twitter:label2\" content=\"Est. reading time\" \/>\n\t<meta name=\"twitter:data2\" content=\"2 minutes\" \/>\n<script type=\"application\/ld+json\" class=\"yoast-schema-graph\">{\"@context\":\"https:\/\/schema.org\",\"@graph\":[{\"@type\":\"Article\",\"@id\":\"https:\/\/sadclsjo.com\/en\/150-people-attend-from-idea-to-action-sustainable-development-symposium\/#article\",\"isPartOf\":{\"@id\":\"https:\/\/sadclsjo.com\/en\/150-people-attend-from-idea-to-action-sustainable-development-symposium\/\"},\"author\":{\"name\":\"admin\",\"@id\":\"https:\/\/sadclsjo.com\/en\/#\/schema\/person\/39a4192b4112fea0577b15d7eef7946f\"},\"headline\":\"150 people attend \u201cFrom idea to action\u201d sustainable development symposium\",\"datePublished\":\"2024-04-23T15:34:02+00:00\",\"dateModified\":\"2025-02-26T14:32:53+00:00\",\"mainEntityOfPage\":{\"@id\":\"https:\/\/sadclsjo.com\/en\/150-people-attend-from-idea-to-action-sustainable-development-symposium\/\"},\"wordCount\":307,\"publisher\":{\"@id\":\"https:\/\/sadclsjo.com\/en\/#organization\"},\"image\":{\"@id\":\"https:\/\/sadclsjo.com\/en\/150-people-attend-from-idea-to-action-sustainable-development-symposium\/#primaryimage\"},\"thumbnailUrl\":\"https:\/\/sadclsjo.com\/wp-content\/uploads\/2024\/04\/150-personnes-assistent-au-colloque-de-lidee-a-laction-133437522090345419.jpg\",\"articleSection\":[\"Non cat\u00e9goris\u00e9\"],\"inLanguage\":\"en-US\"},{\"@type\":\"WebPage\",\"@id\":\"https:\/\/sadclsjo.com\/en\/150-people-attend-from-idea-to-action-sustainable-development-symposium\/\",\"url\":\"https:\/\/sadclsjo.com\/en\/150-people-attend-from-idea-to-action-sustainable-development-symposium\/\",\"name\":\"150 people attend \u201cFrom idea to action\u201d sustainable development symposium - SADC Lac-Saint-Jean Ouest\",\"isPartOf\":{\"@id\":\"https:\/\/sadclsjo.com\/en\/#website\"},\"primaryImageOfPage\":{\"@id\":\"https:\/\/sadclsjo.com\/en\/150-people-attend-from-idea-to-action-sustainable-development-symposium\/#primaryimage\"},\"image\":{\"@id\":\"https:\/\/sadclsjo.com\/en\/150-people-attend-from-idea-to-action-sustainable-development-symposium\/#primaryimage\"},\"thumbnailUrl\":\"https:\/\/sadclsjo.com\/wp-content\/uploads\/2024\/04\/150-personnes-assistent-au-colloque-de-lidee-a-laction-133437522090345419.jpg\",\"datePublished\":\"2024-04-23T15:34:02+00:00\",\"dateModified\":\"2025-02-26T14:32:53+00:00\",\"breadcrumb\":{\"@id\":\"https:\/\/sadclsjo.com\/en\/150-people-attend-from-idea-to-action-sustainable-development-symposium\/#breadcrumb\"},\"inLanguage\":\"en-US\",\"potentialAction\":[{\"@type\":\"ReadAction\",\"target\":[\"https:\/\/sadclsjo.com\/en\/150-people-attend-from-idea-to-action-sustainable-development-symposium\/\"]}]},{\"@type\":\"ImageObject\",\"inLanguage\":\"en-US\",\"@id\":\"https:\/\/sadclsjo.com\/en\/150-people-attend-from-idea-to-action-sustainable-development-symposium\/#primaryimage\",\"url\":\"https:\/\/sadclsjo.com\/wp-content\/uploads\/2024\/04\/150-personnes-assistent-au-colloque-de-lidee-a-laction-133437522090345419.jpg\",\"contentUrl\":\"https:\/\/sadclsjo.com\/wp-content\/uploads\/2024\/04\/150-personnes-assistent-au-colloque-de-lidee-a-laction-133437522090345419.jpg\",\"width\":1200,\"height\":900},{\"@type\":\"BreadcrumbList\",\"@id\":\"https:\/\/sadclsjo.com\/en\/150-people-attend-from-idea-to-action-sustainable-development-symposium\/#breadcrumb\",\"itemListElement\":[{\"@type\":\"ListItem\",\"position\":1,\"name\":\"Accueil\",\"item\":\"https:\/\/sadclsjo.com\/en\/\"},{\"@type\":\"ListItem\",\"position\":2,\"name\":\"150 people attend \u201cFrom idea to action\u201d sustainable development symposium\"}]},{\"@type\":\"WebSite\",\"@id\":\"https:\/\/sadclsjo.com\/en\/#website\",\"url\":\"https:\/\/sadclsjo.com\/en\/\",\"name\":\"SADC Lac-St-Jean Ouest\",\"description\":\"La SADC Lac-Saint-Jean Ouest offre du financement accessible et un service-conseil personnalis\u00e9 aux entreprises de la MRC Domaine-du-Roy et de Mashteuiatsh. Elle soutient \u00e9galement les communaut\u00e9s du territoire dans la r\u00e9alisation de leurs projets de d\u00e9veloppement local.\",\"publisher\":{\"@id\":\"https:\/\/sadclsjo.com\/en\/#organization\"},\"potentialAction\":[{\"@type\":\"SearchAction\",\"target\":{\"@type\":\"EntryPoint\",\"urlTemplate\":\"https:\/\/sadclsjo.com\/en\/?s={search_term_string}\"},\"query-input\":{\"@type\":\"PropertyValueSpecification\",\"valueRequired\":true,\"valueName\":\"search_term_string\"}}],\"inLanguage\":\"en-US\"},{\"@type\":\"Organization\",\"@id\":\"https:\/\/sadclsjo.com\/en\/#organization\",\"name\":\"SADC Lac-St-Jean Ouest\",\"url\":\"https:\/\/sadclsjo.com\/en\/\",\"logo\":{\"@type\":\"ImageObject\",\"inLanguage\":\"en-US\",\"@id\":\"https:\/\/sadclsjo.com\/en\/#\/schema\/logo\/image\/\",\"url\":\"https:\/\/sadclsjo.com\/wp-content\/uploads\/2023\/12\/LogoSADCTexteDehor.png\",\"contentUrl\":\"https:\/\/sadclsjo.com\/wp-content\/uploads\/2023\/12\/LogoSADCTexteDehor.png\",\"width\":1002,\"height\":487,\"caption\":\"SADC Lac-St-Jean Ouest\"},\"image\":{\"@id\":\"https:\/\/sadclsjo.com\/en\/#\/schema\/logo\/image\/\"},\"sameAs\":[\"https:\/\/www.facebook.com\/sadclsjo\/?fref=ts\",\"https:\/\/www.linkedin.com\/company\/sadc-lac-st-jean-ouest-inc.?trk=top_nav_home\"]},{\"@type\":\"Person\",\"@id\":\"https:\/\/sadclsjo.com\/en\/#\/schema\/person\/39a4192b4112fea0577b15d7eef7946f\",\"name\":\"admin\",\"image\":{\"@type\":\"ImageObject\",\"inLanguage\":\"en-US\",\"@id\":\"https:\/\/sadclsjo.com\/en\/#\/schema\/person\/image\/\",\"url\":\"https:\/\/secure.gravatar.com\/avatar\/d599a4a1e29dd2f3506cae6703d8d792bf6898f79aa85a9d1da625bf0fb0b003?s=96&d=mm&r=g\",\"contentUrl\":\"https:\/\/secure.gravatar.com\/avatar\/d599a4a1e29dd2f3506cae6703d8d792bf6898f79aa85a9d1da625bf0fb0b003?s=96&d=mm&r=g\",\"caption\":\"admin\"},\"url\":\"https:\/\/sadclsjo.com\/en\/author\/admin\/\"}]}<\/script>\n<!-- \/ Yoast SEO plugin. -->","yoast_head_json":{"title":"150 people attend \u201cFrom idea to action\u201d sustainable development symposium - SADC Lac-Saint-Jean Ouest","robots":{"index":"index","follow":"follow","max-snippet":"max-snippet:-1","max-image-preview":"max-image-preview:large","max-video-preview":"max-video-preview:-1"},"canonical":"https:\/\/sadclsjo.com\/en\/150-people-attend-from-idea-to-action-sustainable-development-symposium\/","og_locale":"en_US","og_type":"article","og_title":"150 people attend \u201cFrom idea to action\u201d sustainable development symposium - SADC Lac-Saint-Jean Ouest","og_description":"Mission accomplished for the first sustainable development symposium organized by four local economic development organizations. The event, which took place on Wednesday November 1 at the H\u00f4tel du Jardin in Saint-F\u00e9licien, attracted 150 people. The idea for this symposium came from a discussion held about a year ago. At that time, the organizers realized that [&hellip;]","og_url":"https:\/\/sadclsjo.com\/en\/150-people-attend-from-idea-to-action-sustainable-development-symposium\/","og_site_name":"SADC Lac-Saint-Jean Ouest","article_publisher":"https:\/\/www.facebook.com\/sadclsjo\/?fref=ts","article_published_time":"2024-04-23T15:34:02+00:00","article_modified_time":"2025-02-26T14:32:53+00:00","og_image":[{"width":1200,"height":900,"url":"https:\/\/sadclsjo.com\/wp-content\/uploads\/2024\/04\/150-personnes-assistent-au-colloque-de-lidee-a-laction-133437522090345419.jpg","type":"image\/jpeg"}],"author":"admin","twitter_card":"summary_large_image","twitter_misc":{"Written by":"admin","Est. reading time":"2 minutes"},"schema":{"@context":"https:\/\/schema.org","@graph":[{"@type":"Article","@id":"https:\/\/sadclsjo.com\/en\/150-people-attend-from-idea-to-action-sustainable-development-symposium\/#article","isPartOf":{"@id":"https:\/\/sadclsjo.com\/en\/150-people-attend-from-idea-to-action-sustainable-development-symposium\/"},"author":{"name":"admin","@id":"https:\/\/sadclsjo.com\/en\/#\/schema\/person\/39a4192b4112fea0577b15d7eef7946f"},"headline":"150 people attend \u201cFrom idea to action\u201d sustainable development symposium","datePublished":"2024-04-23T15:34:02+00:00","dateModified":"2025-02-26T14:32:53+00:00","mainEntityOfPage":{"@id":"https:\/\/sadclsjo.com\/en\/150-people-attend-from-idea-to-action-sustainable-development-symposium\/"},"wordCount":307,"publisher":{"@id":"https:\/\/sadclsjo.com\/en\/#organization"},"image":{"@id":"https:\/\/sadclsjo.com\/en\/150-people-attend-from-idea-to-action-sustainable-development-symposium\/#primaryimage"},"thumbnailUrl":"https:\/\/sadclsjo.com\/wp-content\/uploads\/2024\/04\/150-personnes-assistent-au-colloque-de-lidee-a-laction-133437522090345419.jpg","articleSection":["Non cat\u00e9goris\u00e9"],"inLanguage":"en-US"},{"@type":"WebPage","@id":"https:\/\/sadclsjo.com\/en\/150-people-attend-from-idea-to-action-sustainable-development-symposium\/","url":"https:\/\/sadclsjo.com\/en\/150-people-attend-from-idea-to-action-sustainable-development-symposium\/","name":"150 people attend \u201cFrom idea to action\u201d sustainable development symposium - SADC Lac-Saint-Jean Ouest","isPartOf":{"@id":"https:\/\/sadclsjo.com\/en\/#website"},"primaryImageOfPage":{"@id":"https:\/\/sadclsjo.com\/en\/150-people-attend-from-idea-to-action-sustainable-development-symposium\/#primaryimage"},"image":{"@id":"https:\/\/sadclsjo.com\/en\/150-people-attend-from-idea-to-action-sustainable-development-symposium\/#primaryimage"},"thumbnailUrl":"https:\/\/sadclsjo.com\/wp-content\/uploads\/2024\/04\/150-personnes-assistent-au-colloque-de-lidee-a-laction-133437522090345419.jpg","datePublished":"2024-04-23T15:34:02+00:00","dateModified":"2025-02-26T14:32:53+00:00","breadcrumb":{"@id":"https:\/\/sadclsjo.com\/en\/150-people-attend-from-idea-to-action-sustainable-development-symposium\/#breadcrumb"},"inLanguage":"en-US","potentialAction":[{"@type":"ReadAction","target":["https:\/\/sadclsjo.com\/en\/150-people-attend-from-idea-to-action-sustainable-development-symposium\/"]}]},{"@type":"ImageObject","inLanguage":"en-US","@id":"https:\/\/sadclsjo.com\/en\/150-people-attend-from-idea-to-action-sustainable-development-symposium\/#primaryimage","url":"https:\/\/sadclsjo.com\/wp-content\/uploads\/2024\/04\/150-personnes-assistent-au-colloque-de-lidee-a-laction-133437522090345419.jpg","contentUrl":"https:\/\/sadclsjo.com\/wp-content\/uploads\/2024\/04\/150-personnes-assistent-au-colloque-de-lidee-a-laction-133437522090345419.jpg","width":1200,"height":900},{"@type":"BreadcrumbList","@id":"https:\/\/sadclsjo.com\/en\/150-people-attend-from-idea-to-action-sustainable-development-symposium\/#breadcrumb","itemListElement":[{"@type":"ListItem","position":1,"name":"Accueil","item":"https:\/\/sadclsjo.com\/en\/"},{"@type":"ListItem","position":2,"name":"150 people attend \u201cFrom idea to action\u201d sustainable development symposium"}]},{"@type":"WebSite","@id":"https:\/\/sadclsjo.com\/en\/#website","url":"https:\/\/sadclsjo.com\/en\/","name":"SADC Lac-St-Jean Ouest","description":"La SADC Lac-Saint-Jean Ouest offre du financement accessible et un service-conseil personnalis\u00e9 aux entreprises de la MRC Domaine-du-Roy et de Mashteuiatsh. Elle soutient \u00e9galement les communaut\u00e9s du territoire dans la r\u00e9alisation de leurs projets de d\u00e9veloppement local.","publisher":{"@id":"https:\/\/sadclsjo.com\/en\/#organization"},"potentialAction":[{"@type":"SearchAction","target":{"@type":"EntryPoint","urlTemplate":"https:\/\/sadclsjo.com\/en\/?s={search_term_string}"},"query-input":{"@type":"PropertyValueSpecification","valueRequired":true,"valueName":"search_term_string"}}],"inLanguage":"en-US"},{"@type":"Organization","@id":"https:\/\/sadclsjo.com\/en\/#organization","name":"SADC Lac-St-Jean Ouest","url":"https:\/\/sadclsjo.com\/en\/","logo":{"@type":"ImageObject","inLanguage":"en-US","@id":"https:\/\/sadclsjo.com\/en\/#\/schema\/logo\/image\/","url":"https:\/\/sadclsjo.com\/wp-content\/uploads\/2023\/12\/LogoSADCTexteDehor.png","contentUrl":"https:\/\/sadclsjo.com\/wp-content\/uploads\/2023\/12\/LogoSADCTexteDehor.png","width":1002,"height":487,"caption":"SADC Lac-St-Jean Ouest"},"image":{"@id":"https:\/\/sadclsjo.com\/en\/#\/schema\/logo\/image\/"},"sameAs":["https:\/\/www.facebook.com\/sadclsjo\/?fref=ts","https:\/\/www.linkedin.com\/company\/sadc-lac-st-jean-ouest-inc.?trk=top_nav_home"]},{"@type":"Person","@id":"https:\/\/sadclsjo.com\/en\/#\/schema\/person\/39a4192b4112fea0577b15d7eef7946f","name":"admin","image":{"@type":"ImageObject","inLanguage":"en-US","@id":"https:\/\/sadclsjo.com\/en\/#\/schema\/person\/image\/","url":"https:\/\/secure.gravatar.com\/avatar\/d599a4a1e29dd2f3506cae6703d8d792bf6898f79aa85a9d1da625bf0fb0b003?s=96&d=mm&r=g","contentUrl":"https:\/\/secure.gravatar.com\/avatar\/d599a4a1e29dd2f3506cae6703d8d792bf6898f79aa85a9d1da625bf0fb0b003?s=96&d=mm&r=g","caption":"admin"},"url":"https:\/\/sadclsjo.com\/en\/author\/admin\/"}]}},"_links":{"self":[{"href":"https:\/\/sadclsjo.com\/en\/wp-json\/wp\/v2\/posts\/1384","targetHints":{"allow":["GET"]}}],"collection":[{"href":"https:\/\/sadclsjo.com\/en\/wp-json\/wp\/v2\/posts"}],"about":[{"href":"https:\/\/sadclsjo.com\/en\/wp-json\/wp\/v2\/types\/post"}],"author":[{"embeddable":true,"href":"https:\/\/sadclsjo.com\/en\/wp-json\/wp\/v2\/users\/2"}],"replies":[{"embeddable":true,"href":"https:\/\/sadclsjo.com\/en\/wp-json\/wp\/v2\/comments?post=1384"}],"version-history":[{"count":1,"href":"https:\/\/sadclsjo.com\/en\/wp-json\/wp\/v2\/posts\/1384\/revisions"}],"predecessor-version":[{"id":1385,"href":"https:\/\/sadclsjo.com\/en\/wp-json\/wp\/v2\/posts\/1384\/revisions\/1385"}],"wp:featuredmedia":[{"embeddable":true,"href":"https:\/\/sadclsjo.com\/en\/wp-json\/wp\/v2\/media\/1249"}],"wp:attachment":[{"href":"https:\/\/sadclsjo.com\/en\/wp-json\/wp\/v2\/media?parent=1384"}],"wp:term":[{"taxonomy":"category","embeddable":true,"href":"https:\/\/sadclsjo.com\/en\/wp-json\/wp\/v2\/categories?post=1384"},{"taxonomy":"post_tag","embeddable":true,"href":"https:\/\/sadclsjo.com\/en\/wp-json\/wp\/v2\/tags?post=1384"}],"curies":[{"name":"wp","href":"https:\/\/api.w.org\/{rel}","templated":true}]}}