{"id":1370,"date":"2023-08-09T14:56:42","date_gmt":"2023-08-09T12:56:42","guid":{"rendered":"https:\/\/sadclsjo.com\/une-trentaine-de-jeunes-entrepreneurs-presents-au-marche-ashtim-petsh-aia-a-mashteuiatsh-le-3-juin-prochain\/"},"modified":"2025-02-26T16:41:06","modified_gmt":"2025-02-26T15:41:06","slug":"some-30-young-entrepreneurs-at-the-ashtim-petsh-aia-market-in-mashteuiatsh-on-june-3","status":"publish","type":"post","link":"https:\/\/sadclsjo.com\/en\/some-30-young-entrepreneurs-at-the-ashtim-petsh-aia-market-in-mashteuiatsh-on-june-3\/","title":{"rendered":"Some 30 young entrepreneurs at the \u201cASHTIM PETSH AIA\u201d Market in Mashteuiatsh on June 3"},"content":{"rendered":"\n<p>On Saturday, June 3, the \u201cAshtim petshaia\u201d Small Business Market returns to Mashteuiatsh&#8217;s Uashassihtsh site, at the Pavillon des arts et des traditions. The Market is part of the Grande journ\u00e9e des petits entrepreneurs (GJPE).<\/p>\n\n\n\n<p>For this 5th edition of the Mashteuiatsh market, more than 30 young people forming 22 businesses are currently registered. They&#8217;ll be setting up their booths on Saturday morning, June 3, while waiting for visitors to arrive.<\/p>\n\n\n\n<p>\u201cThe number of participants and companies is similar to last year, although it is still possible for young people aged 5 to 17 from the Domaine-du-Roy and Mashteuiatsh communities to register,\u201d reads a press release issued jointly by SADC Lac-St-Jean Ouest and SDEI de Mashteuiatsh.<\/p>\n\n\n\n<p><\/p>\n\n\n\n<h3 class=\"wp-block-heading\">Creativity at its best<\/h3>\n\n\n\n<p>\u00ab\u00a0On the map on the GJPE website, at the location of the community of Mashteuiatsh, interested parties can already get a glimpse of the small businesses that will be present at the Pavillon des arts et des traditions next Saturday.\u00a0\u00bb<\/p>\n\n\n\n<p>\u00ab\u00a0We can confirm that creativity will be at the forefront of this year&#8217;s event, with a wide variety of projects. You can find out more about these companies and their products via the link.\u00a0\u00bb<\/p>\n\n\n\n<h3 class=\"wp-block-heading\">List of products offered :<\/h3>\n\n\n\n<ul class=\"wp-block-list\">\n<li>Eco-friendly firelighters, colorful handcrafted jewelry, herbs, eco-friendly knitwear, lip balm and deodorant;<\/li>\n\n\n\n<li>Key-rings, coasters and other practical accessories will be on offer;<\/li>\n\n\n\n<li>Businesses will be selling a variety of lunchtime treats, including artisan cheese, popcorn, cookies, cotton candy, sweets and beverages such as herbal teas, hot chocolates and coffee.<\/li>\n<\/ul>\n\n\n\n<div style=\"height:100px\" aria-hidden=\"true\" class=\"wp-block-spacer\"><\/div>\n\n\n\n<figure class=\"wp-block-table is-style-stripes\"><table><tbody><tr><td><strong>Source :<\/strong><\/td><td><a href=\"https:\/\/www.letoiledulac.com\/actualite\/une-trentaine-de-jeunes-entrepreneurs-presents-au-marche-ashtim-petsh-aia-a-mashteuiatsh-le-3-juin-prochain\/\" target=\"_blank\" rel=\"noreferrer noopener\">Letoiledulac<\/a><\/td><\/tr><tr><td><strong>By : <\/strong><\/td><td>Jean Tremblay<\/td><\/tr><\/tbody><\/table><\/figure>\n","protected":false},"excerpt":{"rendered":"<p>On Saturday, June 3, the \u201cAshtim petshaia\u201d Small Business Market returns to Mashteuiatsh&#8217;s Uashassihtsh site, at the Pavillon des arts et des traditions. The Market is part of the Grande journ\u00e9e des petits entrepreneurs (GJPE). For this 5th edition of the Mashteuiatsh market, more than 30 young people forming 22 businesses are currently registered. They&#8217;ll [&hellip;]<\/p>\n","protected":false},"author":1,"featured_media":1213,"comment_status":"closed","ping_status":"closed","sticky":false,"template":"","format":"standard","meta":{"_acf_changed":false,"footnotes":""},"categories":[1],"tags":[],"class_list":["post-1370","post","type-post","status-publish","format-standard","has-post-thumbnail","hentry","category-non-categorise"],"acf":[],"yoast_head":"<!-- This site is optimized with the Yoast SEO plugin v24.5 - https:\/\/yoast.com\/wordpress\/plugins\/seo\/ -->\n<title>Some 30 young entrepreneurs at the \u201cASHTIM PETSH AIA\u201d Market in Mashteuiatsh on June 3 - SADC Lac-Saint-Jean Ouest<\/title>\n<meta name=\"robots\" content=\"index, follow, max-snippet:-1, max-image-preview:large, max-video-preview:-1\" \/>\n<link rel=\"canonical\" href=\"https:\/\/sadclsjo.com\/en\/some-30-young-entrepreneurs-at-the-ashtim-petsh-aia-market-in-mashteuiatsh-on-june-3\/\" \/>\n<meta property=\"og:locale\" content=\"en_US\" \/>\n<meta property=\"og:type\" content=\"article\" \/>\n<meta property=\"og:title\" content=\"Some 30 young entrepreneurs at the \u201cASHTIM PETSH AIA\u201d Market in Mashteuiatsh on June 3 - SADC Lac-Saint-Jean Ouest\" \/>\n<meta property=\"og:description\" content=\"On Saturday, June 3, the \u201cAshtim petshaia\u201d Small Business Market returns to Mashteuiatsh&#8217;s Uashassihtsh site, at the Pavillon des arts et des traditions. The Market is part of the Grande journ\u00e9e des petits entrepreneurs (GJPE). For this 5th edition of the Mashteuiatsh market, more than 30 young people forming 22 businesses are currently registered. They&#8217;ll [&hellip;]\" \/>\n<meta property=\"og:url\" content=\"https:\/\/sadclsjo.com\/en\/some-30-young-entrepreneurs-at-the-ashtim-petsh-aia-market-in-mashteuiatsh-on-june-3\/\" \/>\n<meta property=\"og:site_name\" content=\"SADC Lac-Saint-Jean Ouest\" \/>\n<meta property=\"article:publisher\" content=\"https:\/\/www.facebook.com\/sadclsjo\/?fref=ts\" \/>\n<meta property=\"article:published_time\" content=\"2023-08-09T12:56:42+00:00\" \/>\n<meta property=\"article:modified_time\" content=\"2025-02-26T15:41:06+00:00\" \/>\n<meta property=\"og:image\" content=\"https:\/\/sadclsjo.com\/wp-content\/uploads\/2023\/08\/ACT-Jeunes-entrepreneurs-Mash-photo.png\" \/>\n\t<meta property=\"og:image:width\" content=\"461\" \/>\n\t<meta property=\"og:image:height\" content=\"860\" \/>\n\t<meta property=\"og:image:type\" content=\"image\/png\" \/>\n<meta name=\"author\" content=\"apaC2V3R4\" \/>\n<meta name=\"twitter:card\" content=\"summary_large_image\" \/>\n<meta name=\"twitter:label1\" content=\"Written by\" \/>\n\t<meta name=\"twitter:data1\" content=\"apaC2V3R4\" \/>\n\t<meta name=\"twitter:label2\" content=\"Est. reading time\" \/>\n\t<meta name=\"twitter:data2\" content=\"2 minutes\" \/>\n<script type=\"application\/ld+json\" class=\"yoast-schema-graph\">{\"@context\":\"https:\/\/schema.org\",\"@graph\":[{\"@type\":\"Article\",\"@id\":\"https:\/\/sadclsjo.com\/en\/some-30-young-entrepreneurs-at-the-ashtim-petsh-aia-market-in-mashteuiatsh-on-june-3\/#article\",\"isPartOf\":{\"@id\":\"https:\/\/sadclsjo.com\/en\/some-30-young-entrepreneurs-at-the-ashtim-petsh-aia-market-in-mashteuiatsh-on-june-3\/\"},\"author\":{\"name\":\"apaC2V3R4\",\"@id\":\"https:\/\/sadclsjo.com\/en\/#\/schema\/person\/8145c56ef3b238f96d9e466e87cbbb8c\"},\"headline\":\"Some 30 young entrepreneurs at the \u201cASHTIM PETSH AIA\u201d Market in Mashteuiatsh on June 3\",\"datePublished\":\"2023-08-09T12:56:42+00:00\",\"dateModified\":\"2025-02-26T15:41:06+00:00\",\"mainEntityOfPage\":{\"@id\":\"https:\/\/sadclsjo.com\/en\/some-30-young-entrepreneurs-at-the-ashtim-petsh-aia-market-in-mashteuiatsh-on-june-3\/\"},\"wordCount\":260,\"publisher\":{\"@id\":\"https:\/\/sadclsjo.com\/en\/#organization\"},\"image\":{\"@id\":\"https:\/\/sadclsjo.com\/en\/some-30-young-entrepreneurs-at-the-ashtim-petsh-aia-market-in-mashteuiatsh-on-june-3\/#primaryimage\"},\"thumbnailUrl\":\"https:\/\/sadclsjo.com\/wp-content\/uploads\/2023\/08\/ACT-Jeunes-entrepreneurs-Mash-photo.png\",\"articleSection\":[\"Non cat\u00e9goris\u00e9\"],\"inLanguage\":\"en-US\"},{\"@type\":\"WebPage\",\"@id\":\"https:\/\/sadclsjo.com\/en\/some-30-young-entrepreneurs-at-the-ashtim-petsh-aia-market-in-mashteuiatsh-on-june-3\/\",\"url\":\"https:\/\/sadclsjo.com\/en\/some-30-young-entrepreneurs-at-the-ashtim-petsh-aia-market-in-mashteuiatsh-on-june-3\/\",\"name\":\"Some 30 young entrepreneurs at the \u201cASHTIM PETSH AIA\u201d Market in Mashteuiatsh on June 3 - SADC Lac-Saint-Jean Ouest\",\"isPartOf\":{\"@id\":\"https:\/\/sadclsjo.com\/en\/#website\"},\"primaryImageOfPage\":{\"@id\":\"https:\/\/sadclsjo.com\/en\/some-30-young-entrepreneurs-at-the-ashtim-petsh-aia-market-in-mashteuiatsh-on-june-3\/#primaryimage\"},\"image\":{\"@id\":\"https:\/\/sadclsjo.com\/en\/some-30-young-entrepreneurs-at-the-ashtim-petsh-aia-market-in-mashteuiatsh-on-june-3\/#primaryimage\"},\"thumbnailUrl\":\"https:\/\/sadclsjo.com\/wp-content\/uploads\/2023\/08\/ACT-Jeunes-entrepreneurs-Mash-photo.png\",\"datePublished\":\"2023-08-09T12:56:42+00:00\",\"dateModified\":\"2025-02-26T15:41:06+00:00\",\"breadcrumb\":{\"@id\":\"https:\/\/sadclsjo.com\/en\/some-30-young-entrepreneurs-at-the-ashtim-petsh-aia-market-in-mashteuiatsh-on-june-3\/#breadcrumb\"},\"inLanguage\":\"en-US\",\"potentialAction\":[{\"@type\":\"ReadAction\",\"target\":[\"https:\/\/sadclsjo.com\/en\/some-30-young-entrepreneurs-at-the-ashtim-petsh-aia-market-in-mashteuiatsh-on-june-3\/\"]}]},{\"@type\":\"ImageObject\",\"inLanguage\":\"en-US\",\"@id\":\"https:\/\/sadclsjo.com\/en\/some-30-young-entrepreneurs-at-the-ashtim-petsh-aia-market-in-mashteuiatsh-on-june-3\/#primaryimage\",\"url\":\"https:\/\/sadclsjo.com\/wp-content\/uploads\/2023\/08\/ACT-Jeunes-entrepreneurs-Mash-photo.png\",\"contentUrl\":\"https:\/\/sadclsjo.com\/wp-content\/uploads\/2023\/08\/ACT-Jeunes-entrepreneurs-Mash-photo.png\",\"width\":461,\"height\":860},{\"@type\":\"BreadcrumbList\",\"@id\":\"https:\/\/sadclsjo.com\/en\/some-30-young-entrepreneurs-at-the-ashtim-petsh-aia-market-in-mashteuiatsh-on-june-3\/#breadcrumb\",\"itemListElement\":[{\"@type\":\"ListItem\",\"position\":1,\"name\":\"Accueil\",\"item\":\"https:\/\/sadclsjo.com\/en\/\"},{\"@type\":\"ListItem\",\"position\":2,\"name\":\"Some 30 young entrepreneurs at the \u201cASHTIM PETSH AIA\u201d Market in Mashteuiatsh on June 3\"}]},{\"@type\":\"WebSite\",\"@id\":\"https:\/\/sadclsjo.com\/en\/#website\",\"url\":\"https:\/\/sadclsjo.com\/en\/\",\"name\":\"SADC Lac-St-Jean Ouest\",\"description\":\"La SADC Lac-Saint-Jean Ouest offre du financement accessible et un service-conseil personnalis\u00e9 aux entreprises de la MRC Domaine-du-Roy et de Mashteuiatsh. Elle soutient \u00e9galement les communaut\u00e9s du territoire dans la r\u00e9alisation de leurs projets de d\u00e9veloppement local.\",\"publisher\":{\"@id\":\"https:\/\/sadclsjo.com\/en\/#organization\"},\"potentialAction\":[{\"@type\":\"SearchAction\",\"target\":{\"@type\":\"EntryPoint\",\"urlTemplate\":\"https:\/\/sadclsjo.com\/en\/?s={search_term_string}\"},\"query-input\":{\"@type\":\"PropertyValueSpecification\",\"valueRequired\":true,\"valueName\":\"search_term_string\"}}],\"inLanguage\":\"en-US\"},{\"@type\":\"Organization\",\"@id\":\"https:\/\/sadclsjo.com\/en\/#organization\",\"name\":\"SADC Lac-St-Jean Ouest\",\"url\":\"https:\/\/sadclsjo.com\/en\/\",\"logo\":{\"@type\":\"ImageObject\",\"inLanguage\":\"en-US\",\"@id\":\"https:\/\/sadclsjo.com\/en\/#\/schema\/logo\/image\/\",\"url\":\"https:\/\/sadclsjo.com\/wp-content\/uploads\/2023\/12\/LogoSADCTexteDehor.png\",\"contentUrl\":\"https:\/\/sadclsjo.com\/wp-content\/uploads\/2023\/12\/LogoSADCTexteDehor.png\",\"width\":1002,\"height\":487,\"caption\":\"SADC Lac-St-Jean Ouest\"},\"image\":{\"@id\":\"https:\/\/sadclsjo.com\/en\/#\/schema\/logo\/image\/\"},\"sameAs\":[\"https:\/\/www.facebook.com\/sadclsjo\/?fref=ts\",\"https:\/\/www.linkedin.com\/company\/sadc-lac-st-jean-ouest-inc.?trk=top_nav_home\"]},{\"@type\":\"Person\",\"@id\":\"https:\/\/sadclsjo.com\/en\/#\/schema\/person\/8145c56ef3b238f96d9e466e87cbbb8c\",\"name\":\"apaC2V3R4\",\"image\":{\"@type\":\"ImageObject\",\"inLanguage\":\"en-US\",\"@id\":\"https:\/\/sadclsjo.com\/en\/#\/schema\/person\/image\/\",\"url\":\"https:\/\/secure.gravatar.com\/avatar\/6d8f75c80557f76d2d90c7abc7b7d4c8d55caf37ff29776f9ea22fa4c002bc84?s=96&d=mm&r=g\",\"contentUrl\":\"https:\/\/secure.gravatar.com\/avatar\/6d8f75c80557f76d2d90c7abc7b7d4c8d55caf37ff29776f9ea22fa4c002bc84?s=96&d=mm&r=g\",\"caption\":\"apaC2V3R4\"},\"sameAs\":[\"https:\/\/sadclsjo.com\"],\"url\":\"https:\/\/sadclsjo.com\/en\/author\/apac2v3r4\/\"}]}<\/script>\n<!-- \/ Yoast SEO plugin. -->","yoast_head_json":{"title":"Some 30 young entrepreneurs at the \u201cASHTIM PETSH AIA\u201d Market in Mashteuiatsh on June 3 - SADC Lac-Saint-Jean Ouest","robots":{"index":"index","follow":"follow","max-snippet":"max-snippet:-1","max-image-preview":"max-image-preview:large","max-video-preview":"max-video-preview:-1"},"canonical":"https:\/\/sadclsjo.com\/en\/some-30-young-entrepreneurs-at-the-ashtim-petsh-aia-market-in-mashteuiatsh-on-june-3\/","og_locale":"en_US","og_type":"article","og_title":"Some 30 young entrepreneurs at the \u201cASHTIM PETSH AIA\u201d Market in Mashteuiatsh on June 3 - SADC Lac-Saint-Jean Ouest","og_description":"On Saturday, June 3, the \u201cAshtim petshaia\u201d Small Business Market returns to Mashteuiatsh&#8217;s Uashassihtsh site, at the Pavillon des arts et des traditions. The Market is part of the Grande journ\u00e9e des petits entrepreneurs (GJPE). For this 5th edition of the Mashteuiatsh market, more than 30 young people forming 22 businesses are currently registered. They&#8217;ll [&hellip;]","og_url":"https:\/\/sadclsjo.com\/en\/some-30-young-entrepreneurs-at-the-ashtim-petsh-aia-market-in-mashteuiatsh-on-june-3\/","og_site_name":"SADC Lac-Saint-Jean Ouest","article_publisher":"https:\/\/www.facebook.com\/sadclsjo\/?fref=ts","article_published_time":"2023-08-09T12:56:42+00:00","article_modified_time":"2025-02-26T15:41:06+00:00","og_image":[{"width":461,"height":860,"url":"https:\/\/sadclsjo.com\/wp-content\/uploads\/2023\/08\/ACT-Jeunes-entrepreneurs-Mash-photo.png","type":"image\/png"}],"author":"apaC2V3R4","twitter_card":"summary_large_image","twitter_misc":{"Written by":"apaC2V3R4","Est. reading time":"2 minutes"},"schema":{"@context":"https:\/\/schema.org","@graph":[{"@type":"Article","@id":"https:\/\/sadclsjo.com\/en\/some-30-young-entrepreneurs-at-the-ashtim-petsh-aia-market-in-mashteuiatsh-on-june-3\/#article","isPartOf":{"@id":"https:\/\/sadclsjo.com\/en\/some-30-young-entrepreneurs-at-the-ashtim-petsh-aia-market-in-mashteuiatsh-on-june-3\/"},"author":{"name":"apaC2V3R4","@id":"https:\/\/sadclsjo.com\/en\/#\/schema\/person\/8145c56ef3b238f96d9e466e87cbbb8c"},"headline":"Some 30 young entrepreneurs at the \u201cASHTIM PETSH AIA\u201d Market in Mashteuiatsh on June 3","datePublished":"2023-08-09T12:56:42+00:00","dateModified":"2025-02-26T15:41:06+00:00","mainEntityOfPage":{"@id":"https:\/\/sadclsjo.com\/en\/some-30-young-entrepreneurs-at-the-ashtim-petsh-aia-market-in-mashteuiatsh-on-june-3\/"},"wordCount":260,"publisher":{"@id":"https:\/\/sadclsjo.com\/en\/#organization"},"image":{"@id":"https:\/\/sadclsjo.com\/en\/some-30-young-entrepreneurs-at-the-ashtim-petsh-aia-market-in-mashteuiatsh-on-june-3\/#primaryimage"},"thumbnailUrl":"https:\/\/sadclsjo.com\/wp-content\/uploads\/2023\/08\/ACT-Jeunes-entrepreneurs-Mash-photo.png","articleSection":["Non cat\u00e9goris\u00e9"],"inLanguage":"en-US"},{"@type":"WebPage","@id":"https:\/\/sadclsjo.com\/en\/some-30-young-entrepreneurs-at-the-ashtim-petsh-aia-market-in-mashteuiatsh-on-june-3\/","url":"https:\/\/sadclsjo.com\/en\/some-30-young-entrepreneurs-at-the-ashtim-petsh-aia-market-in-mashteuiatsh-on-june-3\/","name":"Some 30 young entrepreneurs at the \u201cASHTIM PETSH AIA\u201d Market in Mashteuiatsh on June 3 - SADC Lac-Saint-Jean Ouest","isPartOf":{"@id":"https:\/\/sadclsjo.com\/en\/#website"},"primaryImageOfPage":{"@id":"https:\/\/sadclsjo.com\/en\/some-30-young-entrepreneurs-at-the-ashtim-petsh-aia-market-in-mashteuiatsh-on-june-3\/#primaryimage"},"image":{"@id":"https:\/\/sadclsjo.com\/en\/some-30-young-entrepreneurs-at-the-ashtim-petsh-aia-market-in-mashteuiatsh-on-june-3\/#primaryimage"},"thumbnailUrl":"https:\/\/sadclsjo.com\/wp-content\/uploads\/2023\/08\/ACT-Jeunes-entrepreneurs-Mash-photo.png","datePublished":"2023-08-09T12:56:42+00:00","dateModified":"2025-02-26T15:41:06+00:00","breadcrumb":{"@id":"https:\/\/sadclsjo.com\/en\/some-30-young-entrepreneurs-at-the-ashtim-petsh-aia-market-in-mashteuiatsh-on-june-3\/#breadcrumb"},"inLanguage":"en-US","potentialAction":[{"@type":"ReadAction","target":["https:\/\/sadclsjo.com\/en\/some-30-young-entrepreneurs-at-the-ashtim-petsh-aia-market-in-mashteuiatsh-on-june-3\/"]}]},{"@type":"ImageObject","inLanguage":"en-US","@id":"https:\/\/sadclsjo.com\/en\/some-30-young-entrepreneurs-at-the-ashtim-petsh-aia-market-in-mashteuiatsh-on-june-3\/#primaryimage","url":"https:\/\/sadclsjo.com\/wp-content\/uploads\/2023\/08\/ACT-Jeunes-entrepreneurs-Mash-photo.png","contentUrl":"https:\/\/sadclsjo.com\/wp-content\/uploads\/2023\/08\/ACT-Jeunes-entrepreneurs-Mash-photo.png","width":461,"height":860},{"@type":"BreadcrumbList","@id":"https:\/\/sadclsjo.com\/en\/some-30-young-entrepreneurs-at-the-ashtim-petsh-aia-market-in-mashteuiatsh-on-june-3\/#breadcrumb","itemListElement":[{"@type":"ListItem","position":1,"name":"Accueil","item":"https:\/\/sadclsjo.com\/en\/"},{"@type":"ListItem","position":2,"name":"Some 30 young entrepreneurs at the \u201cASHTIM PETSH AIA\u201d Market in Mashteuiatsh on June 3"}]},{"@type":"WebSite","@id":"https:\/\/sadclsjo.com\/en\/#website","url":"https:\/\/sadclsjo.com\/en\/","name":"SADC Lac-St-Jean Ouest","description":"La SADC Lac-Saint-Jean Ouest offre du financement accessible et un service-conseil personnalis\u00e9 aux entreprises de la MRC Domaine-du-Roy et de Mashteuiatsh. Elle soutient \u00e9galement les communaut\u00e9s du territoire dans la r\u00e9alisation de leurs projets de d\u00e9veloppement local.","publisher":{"@id":"https:\/\/sadclsjo.com\/en\/#organization"},"potentialAction":[{"@type":"SearchAction","target":{"@type":"EntryPoint","urlTemplate":"https:\/\/sadclsjo.com\/en\/?s={search_term_string}"},"query-input":{"@type":"PropertyValueSpecification","valueRequired":true,"valueName":"search_term_string"}}],"inLanguage":"en-US"},{"@type":"Organization","@id":"https:\/\/sadclsjo.com\/en\/#organization","name":"SADC Lac-St-Jean Ouest","url":"https:\/\/sadclsjo.com\/en\/","logo":{"@type":"ImageObject","inLanguage":"en-US","@id":"https:\/\/sadclsjo.com\/en\/#\/schema\/logo\/image\/","url":"https:\/\/sadclsjo.com\/wp-content\/uploads\/2023\/12\/LogoSADCTexteDehor.png","contentUrl":"https:\/\/sadclsjo.com\/wp-content\/uploads\/2023\/12\/LogoSADCTexteDehor.png","width":1002,"height":487,"caption":"SADC Lac-St-Jean Ouest"},"image":{"@id":"https:\/\/sadclsjo.com\/en\/#\/schema\/logo\/image\/"},"sameAs":["https:\/\/www.facebook.com\/sadclsjo\/?fref=ts","https:\/\/www.linkedin.com\/company\/sadc-lac-st-jean-ouest-inc.?trk=top_nav_home"]},{"@type":"Person","@id":"https:\/\/sadclsjo.com\/en\/#\/schema\/person\/8145c56ef3b238f96d9e466e87cbbb8c","name":"apaC2V3R4","image":{"@type":"ImageObject","inLanguage":"en-US","@id":"https:\/\/sadclsjo.com\/en\/#\/schema\/person\/image\/","url":"https:\/\/secure.gravatar.com\/avatar\/6d8f75c80557f76d2d90c7abc7b7d4c8d55caf37ff29776f9ea22fa4c002bc84?s=96&d=mm&r=g","contentUrl":"https:\/\/secure.gravatar.com\/avatar\/6d8f75c80557f76d2d90c7abc7b7d4c8d55caf37ff29776f9ea22fa4c002bc84?s=96&d=mm&r=g","caption":"apaC2V3R4"},"sameAs":["https:\/\/sadclsjo.com"],"url":"https:\/\/sadclsjo.com\/en\/author\/apac2v3r4\/"}]}},"_links":{"self":[{"href":"https:\/\/sadclsjo.com\/en\/wp-json\/wp\/v2\/posts\/1370","targetHints":{"allow":["GET"]}}],"collection":[{"href":"https:\/\/sadclsjo.com\/en\/wp-json\/wp\/v2\/posts"}],"about":[{"href":"https:\/\/sadclsjo.com\/en\/wp-json\/wp\/v2\/types\/post"}],"author":[{"embeddable":true,"href":"https:\/\/sadclsjo.com\/en\/wp-json\/wp\/v2\/users\/1"}],"replies":[{"embeddable":true,"href":"https:\/\/sadclsjo.com\/en\/wp-json\/wp\/v2\/comments?post=1370"}],"version-history":[{"count":1,"href":"https:\/\/sadclsjo.com\/en\/wp-json\/wp\/v2\/posts\/1370\/revisions"}],"predecessor-version":[{"id":1372,"href":"https:\/\/sadclsjo.com\/en\/wp-json\/wp\/v2\/posts\/1370\/revisions\/1372"}],"wp:featuredmedia":[{"embeddable":true,"href":"https:\/\/sadclsjo.com\/en\/wp-json\/wp\/v2\/media\/1213"}],"wp:attachment":[{"href":"https:\/\/sadclsjo.com\/en\/wp-json\/wp\/v2\/media?parent=1370"}],"wp:term":[{"taxonomy":"category","embeddable":true,"href":"https:\/\/sadclsjo.com\/en\/wp-json\/wp\/v2\/categories?post=1370"},{"taxonomy":"post_tag","embeddable":true,"href":"https:\/\/sadclsjo.com\/en\/wp-json\/wp\/v2\/tags?post=1370"}],"curies":[{"name":"wp","href":"https:\/\/api.w.org\/{rel}","templated":true}]}}