{"id":1367,"date":"2023-08-09T14:50:33","date_gmt":"2023-08-09T12:50:33","guid":{"rendered":"https:\/\/sadclsjo.com\/plus-dun-million-de-dollars-investis-sur-le-territoire-grace-aux-sadc\/"},"modified":"2025-02-26T16:40:51","modified_gmt":"2025-02-26T15:40:51","slug":"over-1-million-invested-in-the-region-thanks-to-cfdcs","status":"publish","type":"post","link":"https:\/\/sadclsjo.com\/en\/over-1-million-invested-in-the-region-thanks-to-cfdcs\/","title":{"rendered":"Over $1 million invested in the region thanks to CFDCs"},"content":{"rendered":"\n<p>On Wednesday, the Soci\u00e9t\u00e9 d&#8217;aide au d\u00e9veloppement des collectivit\u00e9s du Fjord and the Soci\u00e9t\u00e9 du Lac-Saint-Jean Ouest unveiled the investments they have made in the region for 2022-2023. Respectively, they have invested $650,307 and $1,032,047 to help businesses develop, receive coaching from specialists, or address economic development issues such as workforce retention.<\/p>\n\n\n\n<p>Charles Martel, Chairman of the Board of Directors of SADC du Fjord, shared the organization&#8217;s financial results at the Annual General Meeting held on June 20.<\/p>\n\n\n\n<p>Business financing, one of the three SADC business lines, was once again overwhelmed by requests for support of all kinds. In all, nearly thirty companies sought support from external specialists or from SADC du Fjord&#8217;s experienced resources. Local economic development projects were also added.<\/p>\n\n\n\n<p>The Projet d&#8217;aide aux petites entreprises touristiques rurales (PAPETR) also performed well this year, with a total of $270,769 shared between ten businesses. It was designed to provide non-repayable contributions for improvements or the acquisition of new equipment.<\/p>\n\n\n\n<p>For the year 2022-2023, SADC du Fjord has also continued to support major local economic development issues, such as attracting and retaining workers, housing, economic diversification and pooling resources.<\/p>\n\n\n\n<p>The organization also offers numerous services and tools for businesses, including sustainable development, digital transformation, regular financing and youth loans.<\/p>\n\n\n\n<p><\/p>\n\n\n\n<h3 class=\"wp-block-heading\">SADC Lac-Saint-Jean Ouest<\/h3>\n\n\n\n<p>For its part, the SADC du Lac-Saint-Jean Ouest unveiled the total amount of its repayable and non-repayable contributions, which came to $1,032,047 this year, the second-highest total in the last five years. In all, 97 business applications were accepted and processed, resulting in the creation or retention of 285 local jobs and $4,778,764 in local investment.<\/p>\n\n\n\n<figure class=\"wp-block-image size-large is-style-default\"><img loading=\"lazy\" decoding=\"async\" width=\"1024\" height=\"683\" src=\"http:\/\/sadc.dev-cvrsolutions.ca\/wp-content\/uploads\/2023\/08\/GJLDVV52E5DGTFR75IUGTSGRGI-1024x683.jpg\" alt=\"\" class=\"wp-image-401\" srcset=\"https:\/\/sadclsjo.com\/wp-content\/uploads\/2023\/08\/GJLDVV52E5DGTFR75IUGTSGRGI-1024x683.jpg 1024w, https:\/\/sadclsjo.com\/wp-content\/uploads\/2023\/08\/GJLDVV52E5DGTFR75IUGTSGRGI-300x200.jpg 300w, https:\/\/sadclsjo.com\/wp-content\/uploads\/2023\/08\/GJLDVV52E5DGTFR75IUGTSGRGI-768x512.jpg 768w, https:\/\/sadclsjo.com\/wp-content\/uploads\/2023\/08\/GJLDVV52E5DGTFR75IUGTSGRGI.jpg 1440w\" sizes=\"auto, (max-width: 1024px) 100vw, 1024px\" \/><\/figure>\n\n\n\n<p>This dynamism can be explained by the arrival of two new programs, Virage vert, which enabled the SADC to inject $63,899 in the form of non-repayable contributions into six sustainable development projects, and PAPETR, under which 14 tourism business projects in the Domaine-du-Roy shared $270,947.<\/p>\n\n\n\n<p>A network of experts to better support and guide entrepreneurs in their business succession efforts was also created last November, in collaboration with the Domaine-du-Roy MRC. The Cercle d&#8217;\u00e9change Femmes en affaires du Pekuakami has also been set up to meet the needs of women entrepreneurs on the territory.<\/p>\n\n\n\n<p>To meet the challenges of the coming years, SADC has launched two new financial products: the Digital Transformation Loan, which aims to support businesses in their digital shift through financing, and the Tourism Loan, which will help tourism businesses develop their offering and support their investment projects.<\/p>\n\n\n\n<div style=\"height:100px\" aria-hidden=\"true\" class=\"wp-block-spacer\"><\/div>\n\n\n\n<figure class=\"wp-block-table is-style-stripes\"><table><tbody><tr><td><strong>Source :<\/strong><\/td><td><a href=\"https:\/\/www.lequotidien.com\/affaires\/2023\/06\/21\/plus-dun-million-de-dollars-investis-sur-le-territoire-grace-aux-sadc-2RT2RL3LUZBD7MTZVTDYLGLV5Y\/\" target=\"_blank\" rel=\"noreferrer noopener\">Le Quotidien<\/a><\/td><\/tr><tr><td><strong>By : <\/strong><\/td><td>Solveig Beaupuy<\/td><\/tr><\/tbody><\/table><\/figure>\n","protected":false},"excerpt":{"rendered":"<p>On Wednesday, the Soci\u00e9t\u00e9 d&#8217;aide au d\u00e9veloppement des collectivit\u00e9s du Fjord and the Soci\u00e9t\u00e9 du Lac-Saint-Jean Ouest unveiled the investments they have made in the region for 2022-2023. Respectively, they have invested $650,307 and $1,032,047 to help businesses develop, receive coaching from specialists, or address economic development issues such as workforce retention. Charles Martel, Chairman [&hellip;]<\/p>\n","protected":false},"author":1,"featured_media":1178,"comment_status":"closed","ping_status":"closed","sticky":false,"template":"","format":"standard","meta":{"_acf_changed":false,"footnotes":""},"categories":[1],"tags":[],"class_list":["post-1367","post","type-post","status-publish","format-standard","has-post-thumbnail","hentry","category-non-categorise"],"acf":[],"yoast_head":"<!-- This site is optimized with the Yoast SEO plugin v24.5 - https:\/\/yoast.com\/wordpress\/plugins\/seo\/ -->\n<title>Over $1 million invested in the region thanks to CFDCs - SADC Lac-Saint-Jean Ouest<\/title>\n<meta name=\"robots\" content=\"index, follow, max-snippet:-1, max-image-preview:large, max-video-preview:-1\" \/>\n<link rel=\"canonical\" href=\"https:\/\/sadclsjo.com\/en\/over-1-million-invested-in-the-region-thanks-to-cfdcs\/\" \/>\n<meta property=\"og:locale\" content=\"en_US\" \/>\n<meta property=\"og:type\" content=\"article\" \/>\n<meta property=\"og:title\" content=\"Over $1 million invested in the region thanks to CFDCs - SADC Lac-Saint-Jean Ouest\" \/>\n<meta property=\"og:description\" content=\"On Wednesday, the Soci\u00e9t\u00e9 d&#8217;aide au d\u00e9veloppement des collectivit\u00e9s du Fjord and the Soci\u00e9t\u00e9 du Lac-Saint-Jean Ouest unveiled the investments they have made in the region for 2022-2023. Respectively, they have invested $650,307 and $1,032,047 to help businesses develop, receive coaching from specialists, or address economic development issues such as workforce retention. Charles Martel, Chairman [&hellip;]\" \/>\n<meta property=\"og:url\" content=\"https:\/\/sadclsjo.com\/en\/over-1-million-invested-in-the-region-thanks-to-cfdcs\/\" \/>\n<meta property=\"og:site_name\" content=\"SADC Lac-Saint-Jean Ouest\" \/>\n<meta property=\"article:publisher\" content=\"https:\/\/www.facebook.com\/sadclsjo\/?fref=ts\" \/>\n<meta property=\"article:published_time\" content=\"2023-08-09T12:50:33+00:00\" \/>\n<meta property=\"article:modified_time\" content=\"2025-02-26T15:40:51+00:00\" \/>\n<meta property=\"og:image\" content=\"https:\/\/sadclsjo.com\/wp-content\/uploads\/2023\/08\/GJLDVV52E5DGTFR75IUGTSGRGI.jpg\" \/>\n\t<meta property=\"og:image:width\" content=\"1440\" \/>\n\t<meta property=\"og:image:height\" content=\"960\" \/>\n\t<meta property=\"og:image:type\" content=\"image\/jpeg\" \/>\n<meta name=\"author\" content=\"apaC2V3R4\" \/>\n<meta name=\"twitter:card\" content=\"summary_large_image\" \/>\n<meta name=\"twitter:label1\" content=\"Written by\" \/>\n\t<meta name=\"twitter:data1\" content=\"apaC2V3R4\" \/>\n\t<meta name=\"twitter:label2\" content=\"Est. reading time\" \/>\n\t<meta name=\"twitter:data2\" content=\"3 minutes\" \/>\n<script type=\"application\/ld+json\" class=\"yoast-schema-graph\">{\"@context\":\"https:\/\/schema.org\",\"@graph\":[{\"@type\":\"Article\",\"@id\":\"https:\/\/sadclsjo.com\/en\/over-1-million-invested-in-the-region-thanks-to-cfdcs\/#article\",\"isPartOf\":{\"@id\":\"https:\/\/sadclsjo.com\/en\/over-1-million-invested-in-the-region-thanks-to-cfdcs\/\"},\"author\":{\"name\":\"apaC2V3R4\",\"@id\":\"https:\/\/sadclsjo.com\/en\/#\/schema\/person\/8145c56ef3b238f96d9e466e87cbbb8c\"},\"headline\":\"Over $1 million invested in the region thanks to CFDCs\",\"datePublished\":\"2023-08-09T12:50:33+00:00\",\"dateModified\":\"2025-02-26T15:40:51+00:00\",\"mainEntityOfPage\":{\"@id\":\"https:\/\/sadclsjo.com\/en\/over-1-million-invested-in-the-region-thanks-to-cfdcs\/\"},\"wordCount\":418,\"publisher\":{\"@id\":\"https:\/\/sadclsjo.com\/en\/#organization\"},\"image\":{\"@id\":\"https:\/\/sadclsjo.com\/en\/over-1-million-invested-in-the-region-thanks-to-cfdcs\/#primaryimage\"},\"thumbnailUrl\":\"https:\/\/sadclsjo.com\/wp-content\/uploads\/2023\/08\/GJLDVV52E5DGTFR75IUGTSGRGI.jpg\",\"articleSection\":[\"Non cat\u00e9goris\u00e9\"],\"inLanguage\":\"en-US\"},{\"@type\":\"WebPage\",\"@id\":\"https:\/\/sadclsjo.com\/en\/over-1-million-invested-in-the-region-thanks-to-cfdcs\/\",\"url\":\"https:\/\/sadclsjo.com\/en\/over-1-million-invested-in-the-region-thanks-to-cfdcs\/\",\"name\":\"Over $1 million invested in the region thanks to CFDCs - SADC Lac-Saint-Jean Ouest\",\"isPartOf\":{\"@id\":\"https:\/\/sadclsjo.com\/en\/#website\"},\"primaryImageOfPage\":{\"@id\":\"https:\/\/sadclsjo.com\/en\/over-1-million-invested-in-the-region-thanks-to-cfdcs\/#primaryimage\"},\"image\":{\"@id\":\"https:\/\/sadclsjo.com\/en\/over-1-million-invested-in-the-region-thanks-to-cfdcs\/#primaryimage\"},\"thumbnailUrl\":\"https:\/\/sadclsjo.com\/wp-content\/uploads\/2023\/08\/GJLDVV52E5DGTFR75IUGTSGRGI.jpg\",\"datePublished\":\"2023-08-09T12:50:33+00:00\",\"dateModified\":\"2025-02-26T15:40:51+00:00\",\"breadcrumb\":{\"@id\":\"https:\/\/sadclsjo.com\/en\/over-1-million-invested-in-the-region-thanks-to-cfdcs\/#breadcrumb\"},\"inLanguage\":\"en-US\",\"potentialAction\":[{\"@type\":\"ReadAction\",\"target\":[\"https:\/\/sadclsjo.com\/en\/over-1-million-invested-in-the-region-thanks-to-cfdcs\/\"]}]},{\"@type\":\"ImageObject\",\"inLanguage\":\"en-US\",\"@id\":\"https:\/\/sadclsjo.com\/en\/over-1-million-invested-in-the-region-thanks-to-cfdcs\/#primaryimage\",\"url\":\"https:\/\/sadclsjo.com\/wp-content\/uploads\/2023\/08\/GJLDVV52E5DGTFR75IUGTSGRGI.jpg\",\"contentUrl\":\"https:\/\/sadclsjo.com\/wp-content\/uploads\/2023\/08\/GJLDVV52E5DGTFR75IUGTSGRGI.jpg\",\"width\":1440,\"height\":960},{\"@type\":\"BreadcrumbList\",\"@id\":\"https:\/\/sadclsjo.com\/en\/over-1-million-invested-in-the-region-thanks-to-cfdcs\/#breadcrumb\",\"itemListElement\":[{\"@type\":\"ListItem\",\"position\":1,\"name\":\"Accueil\",\"item\":\"https:\/\/sadclsjo.com\/en\/\"},{\"@type\":\"ListItem\",\"position\":2,\"name\":\"Over $1 million invested in the region thanks to CFDCs\"}]},{\"@type\":\"WebSite\",\"@id\":\"https:\/\/sadclsjo.com\/en\/#website\",\"url\":\"https:\/\/sadclsjo.com\/en\/\",\"name\":\"SADC Lac-St-Jean Ouest\",\"description\":\"La SADC Lac-Saint-Jean Ouest offre du financement accessible et un service-conseil personnalis\u00e9 aux entreprises de la MRC Domaine-du-Roy et de Mashteuiatsh. Elle soutient \u00e9galement les communaut\u00e9s du territoire dans la r\u00e9alisation de leurs projets de d\u00e9veloppement local.\",\"publisher\":{\"@id\":\"https:\/\/sadclsjo.com\/en\/#organization\"},\"potentialAction\":[{\"@type\":\"SearchAction\",\"target\":{\"@type\":\"EntryPoint\",\"urlTemplate\":\"https:\/\/sadclsjo.com\/en\/?s={search_term_string}\"},\"query-input\":{\"@type\":\"PropertyValueSpecification\",\"valueRequired\":true,\"valueName\":\"search_term_string\"}}],\"inLanguage\":\"en-US\"},{\"@type\":\"Organization\",\"@id\":\"https:\/\/sadclsjo.com\/en\/#organization\",\"name\":\"SADC Lac-St-Jean Ouest\",\"url\":\"https:\/\/sadclsjo.com\/en\/\",\"logo\":{\"@type\":\"ImageObject\",\"inLanguage\":\"en-US\",\"@id\":\"https:\/\/sadclsjo.com\/en\/#\/schema\/logo\/image\/\",\"url\":\"https:\/\/sadclsjo.com\/wp-content\/uploads\/2023\/12\/LogoSADCTexteDehor.png\",\"contentUrl\":\"https:\/\/sadclsjo.com\/wp-content\/uploads\/2023\/12\/LogoSADCTexteDehor.png\",\"width\":1002,\"height\":487,\"caption\":\"SADC Lac-St-Jean Ouest\"},\"image\":{\"@id\":\"https:\/\/sadclsjo.com\/en\/#\/schema\/logo\/image\/\"},\"sameAs\":[\"https:\/\/www.facebook.com\/sadclsjo\/?fref=ts\",\"https:\/\/www.linkedin.com\/company\/sadc-lac-st-jean-ouest-inc.?trk=top_nav_home\"]},{\"@type\":\"Person\",\"@id\":\"https:\/\/sadclsjo.com\/en\/#\/schema\/person\/8145c56ef3b238f96d9e466e87cbbb8c\",\"name\":\"apaC2V3R4\",\"image\":{\"@type\":\"ImageObject\",\"inLanguage\":\"en-US\",\"@id\":\"https:\/\/sadclsjo.com\/en\/#\/schema\/person\/image\/\",\"url\":\"https:\/\/secure.gravatar.com\/avatar\/6d8f75c80557f76d2d90c7abc7b7d4c8d55caf37ff29776f9ea22fa4c002bc84?s=96&d=mm&r=g\",\"contentUrl\":\"https:\/\/secure.gravatar.com\/avatar\/6d8f75c80557f76d2d90c7abc7b7d4c8d55caf37ff29776f9ea22fa4c002bc84?s=96&d=mm&r=g\",\"caption\":\"apaC2V3R4\"},\"sameAs\":[\"https:\/\/sadclsjo.com\"],\"url\":\"https:\/\/sadclsjo.com\/en\/author\/apac2v3r4\/\"}]}<\/script>\n<!-- \/ Yoast SEO plugin. -->","yoast_head_json":{"title":"Over $1 million invested in the region thanks to CFDCs - SADC Lac-Saint-Jean Ouest","robots":{"index":"index","follow":"follow","max-snippet":"max-snippet:-1","max-image-preview":"max-image-preview:large","max-video-preview":"max-video-preview:-1"},"canonical":"https:\/\/sadclsjo.com\/en\/over-1-million-invested-in-the-region-thanks-to-cfdcs\/","og_locale":"en_US","og_type":"article","og_title":"Over $1 million invested in the region thanks to CFDCs - SADC Lac-Saint-Jean Ouest","og_description":"On Wednesday, the Soci\u00e9t\u00e9 d&#8217;aide au d\u00e9veloppement des collectivit\u00e9s du Fjord and the Soci\u00e9t\u00e9 du Lac-Saint-Jean Ouest unveiled the investments they have made in the region for 2022-2023. Respectively, they have invested $650,307 and $1,032,047 to help businesses develop, receive coaching from specialists, or address economic development issues such as workforce retention. Charles Martel, Chairman [&hellip;]","og_url":"https:\/\/sadclsjo.com\/en\/over-1-million-invested-in-the-region-thanks-to-cfdcs\/","og_site_name":"SADC Lac-Saint-Jean Ouest","article_publisher":"https:\/\/www.facebook.com\/sadclsjo\/?fref=ts","article_published_time":"2023-08-09T12:50:33+00:00","article_modified_time":"2025-02-26T15:40:51+00:00","og_image":[{"width":1440,"height":960,"url":"https:\/\/sadclsjo.com\/wp-content\/uploads\/2023\/08\/GJLDVV52E5DGTFR75IUGTSGRGI.jpg","type":"image\/jpeg"}],"author":"apaC2V3R4","twitter_card":"summary_large_image","twitter_misc":{"Written by":"apaC2V3R4","Est. reading time":"3 minutes"},"schema":{"@context":"https:\/\/schema.org","@graph":[{"@type":"Article","@id":"https:\/\/sadclsjo.com\/en\/over-1-million-invested-in-the-region-thanks-to-cfdcs\/#article","isPartOf":{"@id":"https:\/\/sadclsjo.com\/en\/over-1-million-invested-in-the-region-thanks-to-cfdcs\/"},"author":{"name":"apaC2V3R4","@id":"https:\/\/sadclsjo.com\/en\/#\/schema\/person\/8145c56ef3b238f96d9e466e87cbbb8c"},"headline":"Over $1 million invested in the region thanks to CFDCs","datePublished":"2023-08-09T12:50:33+00:00","dateModified":"2025-02-26T15:40:51+00:00","mainEntityOfPage":{"@id":"https:\/\/sadclsjo.com\/en\/over-1-million-invested-in-the-region-thanks-to-cfdcs\/"},"wordCount":418,"publisher":{"@id":"https:\/\/sadclsjo.com\/en\/#organization"},"image":{"@id":"https:\/\/sadclsjo.com\/en\/over-1-million-invested-in-the-region-thanks-to-cfdcs\/#primaryimage"},"thumbnailUrl":"https:\/\/sadclsjo.com\/wp-content\/uploads\/2023\/08\/GJLDVV52E5DGTFR75IUGTSGRGI.jpg","articleSection":["Non cat\u00e9goris\u00e9"],"inLanguage":"en-US"},{"@type":"WebPage","@id":"https:\/\/sadclsjo.com\/en\/over-1-million-invested-in-the-region-thanks-to-cfdcs\/","url":"https:\/\/sadclsjo.com\/en\/over-1-million-invested-in-the-region-thanks-to-cfdcs\/","name":"Over $1 million invested in the region thanks to CFDCs - SADC Lac-Saint-Jean Ouest","isPartOf":{"@id":"https:\/\/sadclsjo.com\/en\/#website"},"primaryImageOfPage":{"@id":"https:\/\/sadclsjo.com\/en\/over-1-million-invested-in-the-region-thanks-to-cfdcs\/#primaryimage"},"image":{"@id":"https:\/\/sadclsjo.com\/en\/over-1-million-invested-in-the-region-thanks-to-cfdcs\/#primaryimage"},"thumbnailUrl":"https:\/\/sadclsjo.com\/wp-content\/uploads\/2023\/08\/GJLDVV52E5DGTFR75IUGTSGRGI.jpg","datePublished":"2023-08-09T12:50:33+00:00","dateModified":"2025-02-26T15:40:51+00:00","breadcrumb":{"@id":"https:\/\/sadclsjo.com\/en\/over-1-million-invested-in-the-region-thanks-to-cfdcs\/#breadcrumb"},"inLanguage":"en-US","potentialAction":[{"@type":"ReadAction","target":["https:\/\/sadclsjo.com\/en\/over-1-million-invested-in-the-region-thanks-to-cfdcs\/"]}]},{"@type":"ImageObject","inLanguage":"en-US","@id":"https:\/\/sadclsjo.com\/en\/over-1-million-invested-in-the-region-thanks-to-cfdcs\/#primaryimage","url":"https:\/\/sadclsjo.com\/wp-content\/uploads\/2023\/08\/GJLDVV52E5DGTFR75IUGTSGRGI.jpg","contentUrl":"https:\/\/sadclsjo.com\/wp-content\/uploads\/2023\/08\/GJLDVV52E5DGTFR75IUGTSGRGI.jpg","width":1440,"height":960},{"@type":"BreadcrumbList","@id":"https:\/\/sadclsjo.com\/en\/over-1-million-invested-in-the-region-thanks-to-cfdcs\/#breadcrumb","itemListElement":[{"@type":"ListItem","position":1,"name":"Accueil","item":"https:\/\/sadclsjo.com\/en\/"},{"@type":"ListItem","position":2,"name":"Over $1 million invested in the region thanks to CFDCs"}]},{"@type":"WebSite","@id":"https:\/\/sadclsjo.com\/en\/#website","url":"https:\/\/sadclsjo.com\/en\/","name":"SADC Lac-St-Jean Ouest","description":"La SADC Lac-Saint-Jean Ouest offre du financement accessible et un service-conseil personnalis\u00e9 aux entreprises de la MRC Domaine-du-Roy et de Mashteuiatsh. Elle soutient \u00e9galement les communaut\u00e9s du territoire dans la r\u00e9alisation de leurs projets de d\u00e9veloppement local.","publisher":{"@id":"https:\/\/sadclsjo.com\/en\/#organization"},"potentialAction":[{"@type":"SearchAction","target":{"@type":"EntryPoint","urlTemplate":"https:\/\/sadclsjo.com\/en\/?s={search_term_string}"},"query-input":{"@type":"PropertyValueSpecification","valueRequired":true,"valueName":"search_term_string"}}],"inLanguage":"en-US"},{"@type":"Organization","@id":"https:\/\/sadclsjo.com\/en\/#organization","name":"SADC Lac-St-Jean Ouest","url":"https:\/\/sadclsjo.com\/en\/","logo":{"@type":"ImageObject","inLanguage":"en-US","@id":"https:\/\/sadclsjo.com\/en\/#\/schema\/logo\/image\/","url":"https:\/\/sadclsjo.com\/wp-content\/uploads\/2023\/12\/LogoSADCTexteDehor.png","contentUrl":"https:\/\/sadclsjo.com\/wp-content\/uploads\/2023\/12\/LogoSADCTexteDehor.png","width":1002,"height":487,"caption":"SADC Lac-St-Jean Ouest"},"image":{"@id":"https:\/\/sadclsjo.com\/en\/#\/schema\/logo\/image\/"},"sameAs":["https:\/\/www.facebook.com\/sadclsjo\/?fref=ts","https:\/\/www.linkedin.com\/company\/sadc-lac-st-jean-ouest-inc.?trk=top_nav_home"]},{"@type":"Person","@id":"https:\/\/sadclsjo.com\/en\/#\/schema\/person\/8145c56ef3b238f96d9e466e87cbbb8c","name":"apaC2V3R4","image":{"@type":"ImageObject","inLanguage":"en-US","@id":"https:\/\/sadclsjo.com\/en\/#\/schema\/person\/image\/","url":"https:\/\/secure.gravatar.com\/avatar\/6d8f75c80557f76d2d90c7abc7b7d4c8d55caf37ff29776f9ea22fa4c002bc84?s=96&d=mm&r=g","contentUrl":"https:\/\/secure.gravatar.com\/avatar\/6d8f75c80557f76d2d90c7abc7b7d4c8d55caf37ff29776f9ea22fa4c002bc84?s=96&d=mm&r=g","caption":"apaC2V3R4"},"sameAs":["https:\/\/sadclsjo.com"],"url":"https:\/\/sadclsjo.com\/en\/author\/apac2v3r4\/"}]}},"_links":{"self":[{"href":"https:\/\/sadclsjo.com\/en\/wp-json\/wp\/v2\/posts\/1367","targetHints":{"allow":["GET"]}}],"collection":[{"href":"https:\/\/sadclsjo.com\/en\/wp-json\/wp\/v2\/posts"}],"about":[{"href":"https:\/\/sadclsjo.com\/en\/wp-json\/wp\/v2\/types\/post"}],"author":[{"embeddable":true,"href":"https:\/\/sadclsjo.com\/en\/wp-json\/wp\/v2\/users\/1"}],"replies":[{"embeddable":true,"href":"https:\/\/sadclsjo.com\/en\/wp-json\/wp\/v2\/comments?post=1367"}],"version-history":[{"count":1,"href":"https:\/\/sadclsjo.com\/en\/wp-json\/wp\/v2\/posts\/1367\/revisions"}],"predecessor-version":[{"id":1369,"href":"https:\/\/sadclsjo.com\/en\/wp-json\/wp\/v2\/posts\/1367\/revisions\/1369"}],"wp:featuredmedia":[{"embeddable":true,"href":"https:\/\/sadclsjo.com\/en\/wp-json\/wp\/v2\/media\/1178"}],"wp:attachment":[{"href":"https:\/\/sadclsjo.com\/en\/wp-json\/wp\/v2\/media?parent=1367"}],"wp:term":[{"taxonomy":"category","embeddable":true,"href":"https:\/\/sadclsjo.com\/en\/wp-json\/wp\/v2\/categories?post=1367"},{"taxonomy":"post_tag","embeddable":true,"href":"https:\/\/sadclsjo.com\/en\/wp-json\/wp\/v2\/tags?post=1367"}],"curies":[{"name":"wp","href":"https:\/\/api.w.org\/{rel}","templated":true}]}}